{"id":9843,"date":"2018-12-25T23:36:11","date_gmt":"2018-12-26T02:36:11","guid":{"rendered":"https:\/\/noticiasmercedinas.com\/site\/?p=9843"},"modified":"2018-12-27T08:50:42","modified_gmt":"2018-12-27T11:50:42","slug":"comenzaron-las-obras-en-avenida-2","status":"publish","type":"post","link":"https:\/\/noticiasmercedinas.com\/site\/2018\/12\/25\/comenzaron-las-obras-en-avenida-2\/","title":{"rendered":"Comenzaron las obras en avenida 2"},"content":{"rendered":"<p><strong>Tal como anunci\u00f3 el municipio antes de fin de a\u00f1o arrancaron. Es una obra que se realizar\u00e1 en tramos, por casi 59 millones de pesos. Destacan que es \u201cun esfuerzo de todos los mercedinos\u201d.<\/strong><\/p>\n<p><img loading=\"lazy\" decoding=\"async\" class=\"alignnone size-full wp-image-9844\" src=\"https:\/\/noticiasmercedinas.com\/site\/wp-content\/uploads\/2018\/12\/DSC_0108.jpg\" alt=\"\" width=\"640\" height=\"426\" srcset=\"https:\/\/noticiasmercedinas.com\/site\/wp-content\/uploads\/2018\/12\/DSC_0108.jpg 640w, https:\/\/noticiasmercedinas.com\/site\/wp-content\/uploads\/2018\/12\/DSC_0108-300x200.jpg 300w\" sizes=\"auto, (max-width: 640px) 100vw, 640px\" \/><\/p>\n<p>La Municipalidad de Mercedes finalmente empez\u00f3 la ejecuci\u00f3n de la repavimentaci\u00f3n de la Avenida 2. Ca\u00f1os, carteler\u00eda y movimiento de m\u00e1quinas ya se observ\u00f3 en la semana que pas\u00f3. Se trata de una obra que realizar\u00e1 por casi 59 millones de pesos. Se prev\u00e9 sea en tramos para tratar de complicar lo menos posible el tr\u00e1nsito y sostener la seguridad vial.<\/p>\n<p>Es la obra m\u00e1s grande nunca antes realizada con fondos propios. \u201cEs una obra clave, que nos involucra a todos, porque la avenida 2 es de todos los mercedinos ya que es el principal acceso a la ciudad\u201d, destac\u00f3 al respecto el intendente Juan Ignacio Ustarroz. En mayo hab\u00eda sido declarada la emergencia vial y tras m\u00faltiples gestiones y la negativa del gobierno nacional de pavimentarla finalmente la comuna encara la obra.<\/p>\n<p>Se esperaba que se iniciara antes de fin de a\u00f1o y todo indica que as\u00ed ser\u00e1. Ya se empez\u00f3 a ver ca\u00f1os de gran porte, colocaci\u00f3n de carteler\u00eda, b\u00fasqueda de espacio f\u00edsico en las cercan\u00edas para el obrador y estacionamiento de las m\u00e1quinas de importante porte que ser\u00e1n utilizadas en la repavimentaci\u00f3n.<\/p>\n<p>Al respecto el jefe de gabinete, Mat\u00edas Dematei, indic\u00f3 que \u201clos ca\u00f1os ya preparados conformar\u00e1n el pluvial que unir\u00e1 la calle 1 con la 5\u201d: \u201cEn la actualidad el mismo tiene un recorrido muy largo, por lo que entendemos no permite el escurrimiento r\u00e1pido del agua. Con esta nueva diagramaci\u00f3n le daremos una soluci\u00f3n a este tema\u201d expuso ante la prensa dando cuenta de acciones complementarias que dar\u00e1n mayor envergadura a la tarea.<\/p>\n<p>La tarea demandar\u00e1 58.997.521,92 pesos y varios meses de trabajos, l\u00f3gicamente, contando con potenciales atrasos por cuestiones clim\u00e1ticas.<\/p>\n<p>\u201cEsto era algo que anhel\u00e1bamos todos los mercedinos\u201d, sostuvo Dematei. \u201cEl intendente Ustarroz luego de haber cumplimentado todos los pasos correspondientes ante el Estado Nacional, que es quien se tendr\u00eda que haber hecho cargo de la obra, y por la falta de respuestas, tom\u00f3 la determinaci\u00f3n de efectuar la obra con fondos totalmente propios\u201d, dijo. \u201cEntendemos adem\u00e1s la peligrosidad que hoy en d\u00eda esta avenida infiere, tanto a los vecinos como a todos aquellos que llegan a la ciudad, por la p\u00e9sima condici\u00f3n en la que se encuentra, es as\u00ed que entendemos desde la comuna que esta obra no pod\u00eda esperar\u201d, defini\u00f3 el jefe de Gabinete.<\/p>\n<p><img loading=\"lazy\" decoding=\"async\" class=\"alignnone size-full wp-image-9845\" src=\"https:\/\/noticiasmercedinas.com\/site\/wp-content\/uploads\/2018\/12\/DSC_0100-3.jpg\" alt=\"\" width=\"640\" height=\"426\" srcset=\"https:\/\/noticiasmercedinas.com\/site\/wp-content\/uploads\/2018\/12\/DSC_0100-3.jpg 640w, https:\/\/noticiasmercedinas.com\/site\/wp-content\/uploads\/2018\/12\/DSC_0100-3-300x200.jpg 300w\" sizes=\"auto, (max-width: 640px) 100vw, 640px\" \/><\/p>\n<p>\u201cDesde el Municipio hemos creado un \u201cFondo antic\u00edclico\u201d que fue muy criticado y que y hoy gracias a ese fondo nosotros estamos en condiciones de afrontar una obra de esta magnitud\u201d, especific\u00f3, por su parte, el doctor Ustarroz, y mencion\u00f3 que \u201cser\u00e1 muy importante la intervenci\u00f3n en esta \u00e1rea\u201d: \u201cTendr\u00e1 acciones de forestaci\u00f3n desde el proyecto del paisajista Carlos Thays, bicisendas, nueva iluminaci\u00f3n led, mejoras h\u00eddricas, con una calzada de 7 metros manteniendo su cantero central. Contar\u00e1 con rotondas y un embellecimiento tal como concretamos y se reconoce por todos en la avenida 40\u201d, explic\u00f3.<\/p>\n<p>Mat\u00edas Dematei agradeci\u00f3 \u201cel esfuerzo de todos los mercedinos que son cada vez m\u00e1s los que aportan -algo muy importante- en tiempos donde la situaci\u00f3n econ\u00f3mica es complicada, eso quiere decir que el vecino acompa\u00f1a y brinda su apoyo\u201d.<\/p>\n","protected":false},"excerpt":{"rendered":"<p>Tal como anunci\u00f3 el municipio antes de fin de a\u00f1o arrancaron. Es una obra que se realizar\u00e1 en tramos, por casi 59 millones de pesos. Destacan que es \u201cun esfuerzo de todos los mercedinos\u201d. La Municipalidad de Mercedes finalmente empez\u00f3 la ejecuci\u00f3n de la repavimentaci\u00f3n de la Avenida 2. Ca\u00f1os, carteler\u00eda y movimiento de m\u00e1quinas [&hellip;]<\/p>\n","protected":false},"author":2,"featured_media":9844,"comment_status":"open","ping_status":"open","sticky":false,"template":"","format":"standard","meta":{"footnotes":""},"categories":[3],"tags":[1285,266,515,36],"class_list":["post-9843","post","type-post","status-publish","format-standard","has-post-thumbnail","hentry","category-sociedad","tag-avenida-2","tag-juan-ignacio-ustarroz","tag-matias-dematei","tag-obras"],"yoast_head":"<!-- This site is optimized with the Yoast SEO plugin v27.4 - https:\/\/yoast.com\/product\/yoast-seo-wordpress\/ -->\n<title>Comenzaron las obras en avenida 2<\/title>\n<meta name=\"robots\" content=\"index, follow, max-snippet:-1, max-image-preview:large, max-video-preview:-1\" \/>\n<link rel=\"canonical\" href=\"https:\/\/noticiasmercedinas.com\/site\/2018\/12\/25\/comenzaron-las-obras-en-avenida-2\/\" \/>\n<meta property=\"og:locale\" content=\"es_ES\" \/>\n<meta property=\"og:type\" content=\"article\" \/>\n<meta property=\"og:title\" content=\"Comenzaron las obras en avenida 2\" \/>\n<meta property=\"og:description\" content=\"Tal como anunci\u00f3 el municipio antes de fin de a\u00f1o arrancaron. Es una obra que se realizar\u00e1 en tramos, por casi 59 millones de pesos. Destacan que es \u201cun esfuerzo de todos los mercedinos\u201d. La Municipalidad de Mercedes finalmente empez\u00f3 la ejecuci\u00f3n de la repavimentaci\u00f3n de la Avenida 2. Ca\u00f1os, carteler\u00eda y movimiento de m\u00e1quinas [&hellip;]\" \/>\n<meta property=\"og:url\" content=\"https:\/\/noticiasmercedinas.com\/site\/2018\/12\/25\/comenzaron-las-obras-en-avenida-2\/\" \/>\n<meta property=\"og:site_name\" content=\"NOTICIASMERCEDINAS.COM\" \/>\n<meta property=\"article:publisher\" content=\"https:\/\/www.facebook.com\/noticiasmercedinas\/\" \/>\n<meta property=\"article:author\" content=\"https:\/\/www.facebook.com\/cristian.falabella\" \/>\n<meta property=\"article:published_time\" content=\"2018-12-26T02:36:11+00:00\" \/>\n<meta property=\"article:modified_time\" content=\"2018-12-27T11:50:42+00:00\" \/>\n<meta property=\"og:image\" content=\"https:\/\/noticiasmercedinas.com\/site\/wp-content\/uploads\/2018\/12\/DSC_0108.jpg\" \/>\n\t<meta property=\"og:image:width\" content=\"640\" \/>\n\t<meta property=\"og:image:height\" content=\"426\" \/>\n\t<meta property=\"og:image:type\" content=\"image\/jpeg\" \/>\n<meta name=\"author\" content=\"Cristian Falabella NOTICIASMERCEDINAS.COM\" \/>\n<meta name=\"twitter:card\" content=\"summary_large_image\" \/>\n<meta name=\"twitter:creator\" content=\"@https:\/\/twitter.com\/NOTMERCEDINAS\" \/>\n<meta name=\"twitter:site\" content=\"@notmercedinas\" \/>\n<meta name=\"twitter:label1\" content=\"Escrito por\" \/>\n\t<meta name=\"twitter:data1\" content=\"Cristian Falabella NOTICIASMERCEDINAS.COM\" \/>\n\t<meta name=\"twitter:label2\" content=\"Tiempo de lectura\" \/>\n\t<meta name=\"twitter:data2\" content=\"3 minutos\" \/>\n<script type=\"application\/ld+json\" class=\"yoast-schema-graph\">{\"@context\":\"https:\\\/\\\/schema.org\",\"@graph\":[{\"@type\":\"Article\",\"@id\":\"https:\\\/\\\/noticiasmercedinas.com\\\/site\\\/2018\\\/12\\\/25\\\/comenzaron-las-obras-en-avenida-2\\\/#article\",\"isPartOf\":{\"@id\":\"https:\\\/\\\/noticiasmercedinas.com\\\/site\\\/2018\\\/12\\\/25\\\/comenzaron-las-obras-en-avenida-2\\\/\"},\"author\":{\"name\":\"Cristian Falabella NOTICIASMERCEDINAS.COM\",\"@id\":\"https:\\\/\\\/noticiasmercedinas.com\\\/site\\\/#\\\/schema\\\/person\\\/d481a9696a5feaec13a60e2bbd991a6a\"},\"headline\":\"Comenzaron las obras en avenida 2\",\"datePublished\":\"2018-12-26T02:36:11+00:00\",\"dateModified\":\"2018-12-27T11:50:42+00:00\",\"mainEntityOfPage\":{\"@id\":\"https:\\\/\\\/noticiasmercedinas.com\\\/site\\\/2018\\\/12\\\/25\\\/comenzaron-las-obras-en-avenida-2\\\/\"},\"wordCount\":593,\"commentCount\":0,\"publisher\":{\"@id\":\"https:\\\/\\\/noticiasmercedinas.com\\\/site\\\/#organization\"},\"image\":{\"@id\":\"https:\\\/\\\/noticiasmercedinas.com\\\/site\\\/2018\\\/12\\\/25\\\/comenzaron-las-obras-en-avenida-2\\\/#primaryimage\"},\"thumbnailUrl\":\"https:\\\/\\\/noticiasmercedinas.com\\\/site\\\/wp-content\\\/uploads\\\/2018\\\/12\\\/DSC_0108.jpg\",\"keywords\":[\"avenida 2\",\"juan ignacio ustarroz\",\"matias dematei\",\"obras\"],\"articleSection\":[\"Sociedad\"],\"inLanguage\":\"es\",\"potentialAction\":[{\"@type\":\"CommentAction\",\"name\":\"Comment\",\"target\":[\"https:\\\/\\\/noticiasmercedinas.com\\\/site\\\/2018\\\/12\\\/25\\\/comenzaron-las-obras-en-avenida-2\\\/#respond\"]}]},{\"@type\":\"WebPage\",\"@id\":\"https:\\\/\\\/noticiasmercedinas.com\\\/site\\\/2018\\\/12\\\/25\\\/comenzaron-las-obras-en-avenida-2\\\/\",\"url\":\"https:\\\/\\\/noticiasmercedinas.com\\\/site\\\/2018\\\/12\\\/25\\\/comenzaron-las-obras-en-avenida-2\\\/\",\"name\":\"Comenzaron las obras en avenida 2\",\"isPartOf\":{\"@id\":\"https:\\\/\\\/noticiasmercedinas.com\\\/site\\\/#website\"},\"primaryImageOfPage\":{\"@id\":\"https:\\\/\\\/noticiasmercedinas.com\\\/site\\\/2018\\\/12\\\/25\\\/comenzaron-las-obras-en-avenida-2\\\/#primaryimage\"},\"image\":{\"@id\":\"https:\\\/\\\/noticiasmercedinas.com\\\/site\\\/2018\\\/12\\\/25\\\/comenzaron-las-obras-en-avenida-2\\\/#primaryimage\"},\"thumbnailUrl\":\"https:\\\/\\\/noticiasmercedinas.com\\\/site\\\/wp-content\\\/uploads\\\/2018\\\/12\\\/DSC_0108.jpg\",\"datePublished\":\"2018-12-26T02:36:11+00:00\",\"dateModified\":\"2018-12-27T11:50:42+00:00\",\"breadcrumb\":{\"@id\":\"https:\\\/\\\/noticiasmercedinas.com\\\/site\\\/2018\\\/12\\\/25\\\/comenzaron-las-obras-en-avenida-2\\\/#breadcrumb\"},\"inLanguage\":\"es\",\"potentialAction\":[{\"@type\":\"ReadAction\",\"target\":[\"https:\\\/\\\/noticiasmercedinas.com\\\/site\\\/2018\\\/12\\\/25\\\/comenzaron-las-obras-en-avenida-2\\\/\"]}]},{\"@type\":\"ImageObject\",\"inLanguage\":\"es\",\"@id\":\"https:\\\/\\\/noticiasmercedinas.com\\\/site\\\/2018\\\/12\\\/25\\\/comenzaron-las-obras-en-avenida-2\\\/#primaryimage\",\"url\":\"https:\\\/\\\/noticiasmercedinas.com\\\/site\\\/wp-content\\\/uploads\\\/2018\\\/12\\\/DSC_0108.jpg\",\"contentUrl\":\"https:\\\/\\\/noticiasmercedinas.com\\\/site\\\/wp-content\\\/uploads\\\/2018\\\/12\\\/DSC_0108.jpg\",\"width\":640,\"height\":426},{\"@type\":\"BreadcrumbList\",\"@id\":\"https:\\\/\\\/noticiasmercedinas.com\\\/site\\\/2018\\\/12\\\/25\\\/comenzaron-las-obras-en-avenida-2\\\/#breadcrumb\",\"itemListElement\":[{\"@type\":\"ListItem\",\"position\":1,\"name\":\"Portada\",\"item\":\"https:\\\/\\\/noticiasmercedinas.com\\\/site\\\/\"},{\"@type\":\"ListItem\",\"position\":2,\"name\":\"Comenzaron las obras en avenida 2\"}]},{\"@type\":\"WebSite\",\"@id\":\"https:\\\/\\\/noticiasmercedinas.com\\\/site\\\/#website\",\"url\":\"https:\\\/\\\/noticiasmercedinas.com\\\/site\\\/\",\"name\":\"NOTICIASMERCEDINAS.COM\",\"description\":\"Mercedes, Buenos Aires, Argentina\",\"publisher\":{\"@id\":\"https:\\\/\\\/noticiasmercedinas.com\\\/site\\\/#organization\"},\"potentialAction\":[{\"@type\":\"SearchAction\",\"target\":{\"@type\":\"EntryPoint\",\"urlTemplate\":\"https:\\\/\\\/noticiasmercedinas.com\\\/site\\\/?s={search_term_string}\"},\"query-input\":{\"@type\":\"PropertyValueSpecification\",\"valueRequired\":true,\"valueName\":\"search_term_string\"}}],\"inLanguage\":\"es\"},{\"@type\":\"Organization\",\"@id\":\"https:\\\/\\\/noticiasmercedinas.com\\\/site\\\/#organization\",\"name\":\"NOTICIASMERCEDINAS.COM\",\"url\":\"https:\\\/\\\/noticiasmercedinas.com\\\/site\\\/\",\"logo\":{\"@type\":\"ImageObject\",\"inLanguage\":\"es\",\"@id\":\"https:\\\/\\\/noticiasmercedinas.com\\\/site\\\/#\\\/schema\\\/logo\\\/image\\\/\",\"url\":\"https:\\\/\\\/noticiasmercedinas.com\\\/site\\\/wp-content\\\/uploads\\\/2020\\\/06\\\/LOGO-512.jpg\",\"contentUrl\":\"https:\\\/\\\/noticiasmercedinas.com\\\/site\\\/wp-content\\\/uploads\\\/2020\\\/06\\\/LOGO-512.jpg\",\"width\":512,\"height\":512,\"caption\":\"NOTICIASMERCEDINAS.COM\"},\"image\":{\"@id\":\"https:\\\/\\\/noticiasmercedinas.com\\\/site\\\/#\\\/schema\\\/logo\\\/image\\\/\"},\"sameAs\":[\"https:\\\/\\\/www.facebook.com\\\/noticiasmercedinas\\\/\",\"https:\\\/\\\/x.com\\\/notmercedinas\",\"https:\\\/\\\/www.instagram.com\\\/noticiasmercedinas\\\/\"]},{\"@type\":\"Person\",\"@id\":\"https:\\\/\\\/noticiasmercedinas.com\\\/site\\\/#\\\/schema\\\/person\\\/d481a9696a5feaec13a60e2bbd991a6a\",\"name\":\"Cristian Falabella NOTICIASMERCEDINAS.COM\",\"image\":{\"@type\":\"ImageObject\",\"inLanguage\":\"es\",\"@id\":\"https:\\\/\\\/secure.gravatar.com\\\/avatar\\\/0dbbfc45970cc46bcd0e57766228574ff3511d6eed045b182f536f0f478c1f06?s=96&d=mm&r=g\",\"url\":\"https:\\\/\\\/secure.gravatar.com\\\/avatar\\\/0dbbfc45970cc46bcd0e57766228574ff3511d6eed045b182f536f0f478c1f06?s=96&d=mm&r=g\",\"contentUrl\":\"https:\\\/\\\/secure.gravatar.com\\\/avatar\\\/0dbbfc45970cc46bcd0e57766228574ff3511d6eed045b182f536f0f478c1f06?s=96&d=mm&r=g\",\"caption\":\"Cristian Falabella NOTICIASMERCEDINAS.COM\"},\"description\":\"Periodista, editor de Noticias Mercedinas. Pas\u00f3 por varias redacciones y emprendimientos de prensa, en distintos formatos y \u00e9pocas. Se especializ\u00f3 --y sigue haci\u00e9ndolo-- en comunicaci\u00f3n en la web y en junio de 2006 fund\u00f3 este diario digital.\",\"sameAs\":[\"https:\\\/\\\/noticiasmercedinas.com\",\"https:\\\/\\\/www.facebook.com\\\/cristian.falabella\",\"https:\\\/\\\/www.instagram.com\\\/noticiasmercedinas\\\/\",\"https:\\\/\\\/x.com\\\/https:\\\/\\\/twitter.com\\\/NOTMERCEDINAS\"],\"url\":\"https:\\\/\\\/noticiasmercedinas.com\\\/site\\\/author\\\/as000384\\\/\"}]}<\/script>\n<!-- \/ Yoast SEO plugin. -->","yoast_head_json":{"title":"Comenzaron las obras en avenida 2","robots":{"index":"index","follow":"follow","max-snippet":"max-snippet:-1","max-image-preview":"max-image-preview:large","max-video-preview":"max-video-preview:-1"},"canonical":"https:\/\/noticiasmercedinas.com\/site\/2018\/12\/25\/comenzaron-las-obras-en-avenida-2\/","og_locale":"es_ES","og_type":"article","og_title":"Comenzaron las obras en avenida 2","og_description":"Tal como anunci\u00f3 el municipio antes de fin de a\u00f1o arrancaron. Es una obra que se realizar\u00e1 en tramos, por casi 59 millones de pesos. Destacan que es \u201cun esfuerzo de todos los mercedinos\u201d. La Municipalidad de Mercedes finalmente empez\u00f3 la ejecuci\u00f3n de la repavimentaci\u00f3n de la Avenida 2. Ca\u00f1os, carteler\u00eda y movimiento de m\u00e1quinas [&hellip;]","og_url":"https:\/\/noticiasmercedinas.com\/site\/2018\/12\/25\/comenzaron-las-obras-en-avenida-2\/","og_site_name":"NOTICIASMERCEDINAS.COM","article_publisher":"https:\/\/www.facebook.com\/noticiasmercedinas\/","article_author":"https:\/\/www.facebook.com\/cristian.falabella","article_published_time":"2018-12-26T02:36:11+00:00","article_modified_time":"2018-12-27T11:50:42+00:00","og_image":[{"width":640,"height":426,"url":"https:\/\/noticiasmercedinas.com\/site\/wp-content\/uploads\/2018\/12\/DSC_0108.jpg","type":"image\/jpeg"}],"author":"Cristian Falabella NOTICIASMERCEDINAS.COM","twitter_card":"summary_large_image","twitter_creator":"@https:\/\/twitter.com\/NOTMERCEDINAS","twitter_site":"@notmercedinas","twitter_misc":{"Escrito por":"Cristian Falabella NOTICIASMERCEDINAS.COM","Tiempo de lectura":"3 minutos"},"schema":{"@context":"https:\/\/schema.org","@graph":[{"@type":"Article","@id":"https:\/\/noticiasmercedinas.com\/site\/2018\/12\/25\/comenzaron-las-obras-en-avenida-2\/#article","isPartOf":{"@id":"https:\/\/noticiasmercedinas.com\/site\/2018\/12\/25\/comenzaron-las-obras-en-avenida-2\/"},"author":{"name":"Cristian Falabella NOTICIASMERCEDINAS.COM","@id":"https:\/\/noticiasmercedinas.com\/site\/#\/schema\/person\/d481a9696a5feaec13a60e2bbd991a6a"},"headline":"Comenzaron las obras en avenida 2","datePublished":"2018-12-26T02:36:11+00:00","dateModified":"2018-12-27T11:50:42+00:00","mainEntityOfPage":{"@id":"https:\/\/noticiasmercedinas.com\/site\/2018\/12\/25\/comenzaron-las-obras-en-avenida-2\/"},"wordCount":593,"commentCount":0,"publisher":{"@id":"https:\/\/noticiasmercedinas.com\/site\/#organization"},"image":{"@id":"https:\/\/noticiasmercedinas.com\/site\/2018\/12\/25\/comenzaron-las-obras-en-avenida-2\/#primaryimage"},"thumbnailUrl":"https:\/\/noticiasmercedinas.com\/site\/wp-content\/uploads\/2018\/12\/DSC_0108.jpg","keywords":["avenida 2","juan ignacio ustarroz","matias dematei","obras"],"articleSection":["Sociedad"],"inLanguage":"es","potentialAction":[{"@type":"CommentAction","name":"Comment","target":["https:\/\/noticiasmercedinas.com\/site\/2018\/12\/25\/comenzaron-las-obras-en-avenida-2\/#respond"]}]},{"@type":"WebPage","@id":"https:\/\/noticiasmercedinas.com\/site\/2018\/12\/25\/comenzaron-las-obras-en-avenida-2\/","url":"https:\/\/noticiasmercedinas.com\/site\/2018\/12\/25\/comenzaron-las-obras-en-avenida-2\/","name":"Comenzaron las obras en avenida 2","isPartOf":{"@id":"https:\/\/noticiasmercedinas.com\/site\/#website"},"primaryImageOfPage":{"@id":"https:\/\/noticiasmercedinas.com\/site\/2018\/12\/25\/comenzaron-las-obras-en-avenida-2\/#primaryimage"},"image":{"@id":"https:\/\/noticiasmercedinas.com\/site\/2018\/12\/25\/comenzaron-las-obras-en-avenida-2\/#primaryimage"},"thumbnailUrl":"https:\/\/noticiasmercedinas.com\/site\/wp-content\/uploads\/2018\/12\/DSC_0108.jpg","datePublished":"2018-12-26T02:36:11+00:00","dateModified":"2018-12-27T11:50:42+00:00","breadcrumb":{"@id":"https:\/\/noticiasmercedinas.com\/site\/2018\/12\/25\/comenzaron-las-obras-en-avenida-2\/#breadcrumb"},"inLanguage":"es","potentialAction":[{"@type":"ReadAction","target":["https:\/\/noticiasmercedinas.com\/site\/2018\/12\/25\/comenzaron-las-obras-en-avenida-2\/"]}]},{"@type":"ImageObject","inLanguage":"es","@id":"https:\/\/noticiasmercedinas.com\/site\/2018\/12\/25\/comenzaron-las-obras-en-avenida-2\/#primaryimage","url":"https:\/\/noticiasmercedinas.com\/site\/wp-content\/uploads\/2018\/12\/DSC_0108.jpg","contentUrl":"https:\/\/noticiasmercedinas.com\/site\/wp-content\/uploads\/2018\/12\/DSC_0108.jpg","width":640,"height":426},{"@type":"BreadcrumbList","@id":"https:\/\/noticiasmercedinas.com\/site\/2018\/12\/25\/comenzaron-las-obras-en-avenida-2\/#breadcrumb","itemListElement":[{"@type":"ListItem","position":1,"name":"Portada","item":"https:\/\/noticiasmercedinas.com\/site\/"},{"@type":"ListItem","position":2,"name":"Comenzaron las obras en avenida 2"}]},{"@type":"WebSite","@id":"https:\/\/noticiasmercedinas.com\/site\/#website","url":"https:\/\/noticiasmercedinas.com\/site\/","name":"NOTICIASMERCEDINAS.COM","description":"Mercedes, Buenos Aires, Argentina","publisher":{"@id":"https:\/\/noticiasmercedinas.com\/site\/#organization"},"potentialAction":[{"@type":"SearchAction","target":{"@type":"EntryPoint","urlTemplate":"https:\/\/noticiasmercedinas.com\/site\/?s={search_term_string}"},"query-input":{"@type":"PropertyValueSpecification","valueRequired":true,"valueName":"search_term_string"}}],"inLanguage":"es"},{"@type":"Organization","@id":"https:\/\/noticiasmercedinas.com\/site\/#organization","name":"NOTICIASMERCEDINAS.COM","url":"https:\/\/noticiasmercedinas.com\/site\/","logo":{"@type":"ImageObject","inLanguage":"es","@id":"https:\/\/noticiasmercedinas.com\/site\/#\/schema\/logo\/image\/","url":"https:\/\/noticiasmercedinas.com\/site\/wp-content\/uploads\/2020\/06\/LOGO-512.jpg","contentUrl":"https:\/\/noticiasmercedinas.com\/site\/wp-content\/uploads\/2020\/06\/LOGO-512.jpg","width":512,"height":512,"caption":"NOTICIASMERCEDINAS.COM"},"image":{"@id":"https:\/\/noticiasmercedinas.com\/site\/#\/schema\/logo\/image\/"},"sameAs":["https:\/\/www.facebook.com\/noticiasmercedinas\/","https:\/\/x.com\/notmercedinas","https:\/\/www.instagram.com\/noticiasmercedinas\/"]},{"@type":"Person","@id":"https:\/\/noticiasmercedinas.com\/site\/#\/schema\/person\/d481a9696a5feaec13a60e2bbd991a6a","name":"Cristian Falabella NOTICIASMERCEDINAS.COM","image":{"@type":"ImageObject","inLanguage":"es","@id":"https:\/\/secure.gravatar.com\/avatar\/0dbbfc45970cc46bcd0e57766228574ff3511d6eed045b182f536f0f478c1f06?s=96&d=mm&r=g","url":"https:\/\/secure.gravatar.com\/avatar\/0dbbfc45970cc46bcd0e57766228574ff3511d6eed045b182f536f0f478c1f06?s=96&d=mm&r=g","contentUrl":"https:\/\/secure.gravatar.com\/avatar\/0dbbfc45970cc46bcd0e57766228574ff3511d6eed045b182f536f0f478c1f06?s=96&d=mm&r=g","caption":"Cristian Falabella NOTICIASMERCEDINAS.COM"},"description":"Periodista, editor de Noticias Mercedinas. Pas\u00f3 por varias redacciones y emprendimientos de prensa, en distintos formatos y \u00e9pocas. Se especializ\u00f3 --y sigue haci\u00e9ndolo-- en comunicaci\u00f3n en la web y en junio de 2006 fund\u00f3 este diario digital.","sameAs":["https:\/\/noticiasmercedinas.com","https:\/\/www.facebook.com\/cristian.falabella","https:\/\/www.instagram.com\/noticiasmercedinas\/","https:\/\/x.com\/https:\/\/twitter.com\/NOTMERCEDINAS"],"url":"https:\/\/noticiasmercedinas.com\/site\/author\/as000384\/"}]}},"amp_enabled":true,"_links":{"self":[{"href":"https:\/\/noticiasmercedinas.com\/site\/wp-json\/wp\/v2\/posts\/9843","targetHints":{"allow":["GET"]}}],"collection":[{"href":"https:\/\/noticiasmercedinas.com\/site\/wp-json\/wp\/v2\/posts"}],"about":[{"href":"https:\/\/noticiasmercedinas.com\/site\/wp-json\/wp\/v2\/types\/post"}],"author":[{"embeddable":true,"href":"https:\/\/noticiasmercedinas.com\/site\/wp-json\/wp\/v2\/users\/2"}],"replies":[{"embeddable":true,"href":"https:\/\/noticiasmercedinas.com\/site\/wp-json\/wp\/v2\/comments?post=9843"}],"version-history":[{"count":2,"href":"https:\/\/noticiasmercedinas.com\/site\/wp-json\/wp\/v2\/posts\/9843\/revisions"}],"predecessor-version":[{"id":9848,"href":"https:\/\/noticiasmercedinas.com\/site\/wp-json\/wp\/v2\/posts\/9843\/revisions\/9848"}],"wp:featuredmedia":[{"embeddable":true,"href":"https:\/\/noticiasmercedinas.com\/site\/wp-json\/wp\/v2\/media\/9844"}],"wp:attachment":[{"href":"https:\/\/noticiasmercedinas.com\/site\/wp-json\/wp\/v2\/media?parent=9843"}],"wp:term":[{"taxonomy":"category","embeddable":true,"href":"https:\/\/noticiasmercedinas.com\/site\/wp-json\/wp\/v2\/categories?post=9843"},{"taxonomy":"post_tag","embeddable":true,"href":"https:\/\/noticiasmercedinas.com\/site\/wp-json\/wp\/v2\/tags?post=9843"}],"curies":[{"name":"wp","href":"https:\/\/api.w.org\/{rel}","templated":true}]}}