{"id":99110,"date":"2022-09-08T17:25:54","date_gmt":"2022-09-08T20:25:54","guid":{"rendered":"https:\/\/noticiasmercedinas.com\/site\/?p=99110"},"modified":"2022-09-08T17:25:54","modified_gmt":"2022-09-08T20:25:54","slug":"wado-de-pedro-tambien-se-sumo-a-la-promocion-de-la-fiesta-del-salame","status":"publish","type":"post","link":"https:\/\/noticiasmercedinas.com\/site\/2022\/09\/08\/wado-de-pedro-tambien-se-sumo-a-la-promocion-de-la-fiesta-del-salame\/","title":{"rendered":"Wado De Pedro tambi\u00e9n se sum\u00f3 a la promoci\u00f3n de la Fiesta del Salame"},"content":{"rendered":"<p><img loading=\"lazy\" decoding=\"async\" class=\"alignnone size-full wp-image-99111\" src=\"https:\/\/noticiasmercedinas.com\/site\/wp-content\/uploads\/2022\/09\/SJA_3575.jpg\" alt=\"\" width=\"922\" height=\"615\" srcset=\"https:\/\/noticiasmercedinas.com\/site\/wp-content\/uploads\/2022\/09\/SJA_3575.jpg 922w, https:\/\/noticiasmercedinas.com\/site\/wp-content\/uploads\/2022\/09\/SJA_3575-300x200.jpg 300w, https:\/\/noticiasmercedinas.com\/site\/wp-content\/uploads\/2022\/09\/SJA_3575-768x512.jpg 768w, https:\/\/noticiasmercedinas.com\/site\/wp-content\/uploads\/2022\/09\/SJA_3575-640x427.jpg 640w, https:\/\/noticiasmercedinas.com\/site\/wp-content\/uploads\/2022\/09\/SJA_3575-681x454.jpg 681w\" sizes=\"auto, (max-width: 922px) 100vw, 922px\" \/><\/p>\n<p>Con el ministro del Interior, <strong>Eduardo \u00abWado\u00bb de Pedro<\/strong>, recibiendo a varios mercedinos y mercedinas en la Casa Rosada contin\u00faa la promoci\u00f3n de la Fiesta del Salame, que se har\u00e1 este fin de semana.<\/p>\n<p>En el marco de la 47\u00b0 Fiesta Nacional del Salame Quintero, desde de Municipio de Mercedes se llev\u00f3 adelante, junto a productores, artistas, artesanos, comerciantes y autoridades comunales, una visita al Ministerio del Interior que encabeza el vecino Eduardo \u201cWado\u201d De Pedro. La misma tuvo como objetivo promocionar y colocar en una agenda m\u00e1s amplia esta festividad.<\/p>\n<p>Es as\u00ed como durante la ma\u00f1ana del mi\u00e9rcoles, el ministro De Pedro recibi\u00f3 a una gran comitiva de nuestra ciudad.<\/p>\n<p>Asimismo, la jornada de promoci\u00f3n continu\u00f3 por diferentes lugares de la ciudad porte\u00f1a, donde a trav\u00e9s de un juego las personas pod\u00edan ganar diferentes premios, que iban, desde entradas hasta salames. Adem\u00e1s, se entreg\u00f3 folleter\u00eda e informaci\u00f3n, tanto de la 47\u00b0 Fiesta del Salame Quintero, como as\u00ed tambi\u00e9n, todo el conjunto de actividades que se desarrollan en la ciudad.<\/p>\n<p>De esta manera, la ciudad se contin\u00faa preparando con todo para lo que prometen ser tres jornadas a todo color, m\u00fasica, festejo y sabor.<\/p>\n<p><strong>Esta es la grilla de artistas para lo que ser\u00e1 otra gran convocante Fiesta Nacional del Salame Quintero:<\/strong><\/p>\n<p><strong>S\u00e1bado en pe\u00f1a<\/strong>: Danzas Nativas Maleart, El Bagual, Juan Domingo Su\u00e1rez, H\u00e9ctor G\u00f3mez, Compa\u00f1a de Danza y Malambo Pasi\u00f3n Gaucha, Sebasti\u00e1n Fredes, Ballet Integraci\u00f3n Eva Duarte, Escuela de Danzas Ayekan, China Acosta, Escuela Nuestra Se\u00f1ora de las Mercedes junto al Taller de Adultos Mayores.<\/p>\n<p><strong>Domingo en Pe\u00f1a<\/strong>: Aram\u00ed, Grupo de Danzas Folcl\u00f3ricas Ra\u00edces Mercedinas, Daniela Bertaina, Huella de Tradici\u00f3n, Grupo Folcl\u00f3rico Almas de mi Pueblo, La turca Tr\u00edo, Herederos de mi Tierra, Agrupaci\u00f3n de Danzas Folcl\u00f3ricas A\u00f1oranza de mi Tierra, Grupo Suyai, Ballet Santa Cecilia y Ballet Integracion, Alma Fuerte.<\/p>\n<p><strong>Viernes en escenario principal<\/strong>: Banda Ciudad de Mercedes, Camilo Rojas y la Kombo Band, The Paris Cumbia, Fernanda Ottolini &amp; La Banda, Nolberto Alkala.<\/p>\n<p><strong>S\u00e1bado en escenario principal<\/strong>: Maven Squad, Semilla Agreste, Gustavo Guzm\u00e1n, Los L\u00f3pez Heredia, Escuela Estrella del Sur, Peteco Carabajal con Santiago Tr\u00edo, Arbolito.<\/p>\n<p><strong>Domingo en escenario<\/strong>: Ivana Cestari, Escuela Estrella del Sur, Premiaci\u00f3n, Oscar Rosello, Sergio Gallegillo.<\/p>\n","protected":false},"excerpt":{"rendered":"<p>\u25a0 Durante la ma\u00f1ana del mi\u00e9rcoles, el ministro De Pedro recibi\u00f3 a una gran comitiva de nuestra ciudad. Y la jornada de promoci\u00f3n continu\u00f3 por diferentes lugares de la ciudad porte\u00f1a<\/p>\n","protected":false},"author":16,"featured_media":99111,"comment_status":"open","ping_status":"open","sticky":false,"template":"","format":"standard","meta":{"footnotes":""},"categories":[16],"tags":[324,31],"class_list":["post-99110","post","type-post","status-publish","format-standard","has-post-thumbnail","hentry","category-politica","tag-eduardo-de-pedro","tag-fiesta-del-salame"],"yoast_head":"<!-- This site is optimized with the Yoast SEO plugin v27.4 - https:\/\/yoast.com\/product\/yoast-seo-wordpress\/ -->\n<title>Wado De Pedro tambi\u00e9n se sum\u00f3 a la promoci\u00f3n de la Fiesta del Salame<\/title>\n<meta name=\"robots\" content=\"index, follow, max-snippet:-1, max-image-preview:large, max-video-preview:-1\" \/>\n<link rel=\"canonical\" href=\"https:\/\/noticiasmercedinas.com\/site\/2022\/09\/08\/wado-de-pedro-tambien-se-sumo-a-la-promocion-de-la-fiesta-del-salame\/\" \/>\n<meta property=\"og:locale\" content=\"es_ES\" \/>\n<meta property=\"og:type\" content=\"article\" \/>\n<meta property=\"og:title\" content=\"Wado De Pedro tambi\u00e9n se sum\u00f3 a la promoci\u00f3n de la Fiesta del Salame\" \/>\n<meta property=\"og:description\" content=\"\u25a0 Durante la ma\u00f1ana del mi\u00e9rcoles, el ministro De Pedro recibi\u00f3 a una gran comitiva de nuestra ciudad. Y la jornada de promoci\u00f3n continu\u00f3 por diferentes lugares de la ciudad porte\u00f1a\" \/>\n<meta property=\"og:url\" content=\"https:\/\/noticiasmercedinas.com\/site\/2022\/09\/08\/wado-de-pedro-tambien-se-sumo-a-la-promocion-de-la-fiesta-del-salame\/\" \/>\n<meta property=\"og:site_name\" content=\"NOTICIASMERCEDINAS.COM\" \/>\n<meta property=\"article:publisher\" content=\"https:\/\/www.facebook.com\/noticiasmercedinas\/\" \/>\n<meta property=\"article:published_time\" content=\"2022-09-08T20:25:54+00:00\" \/>\n<meta property=\"og:image\" content=\"https:\/\/noticiasmercedinas.com\/site\/wp-content\/uploads\/2022\/09\/SJA_3575.jpg\" \/>\n\t<meta property=\"og:image:width\" content=\"922\" \/>\n\t<meta property=\"og:image:height\" content=\"615\" \/>\n\t<meta property=\"og:image:type\" content=\"image\/jpeg\" \/>\n<meta name=\"author\" content=\"NOTICIASMERCEDINAS.COM\" \/>\n<meta name=\"twitter:card\" content=\"summary_large_image\" \/>\n<meta name=\"twitter:creator\" content=\"@notmercedinas\" \/>\n<meta name=\"twitter:site\" content=\"@notmercedinas\" \/>\n<meta name=\"twitter:label1\" content=\"Escrito por\" \/>\n\t<meta name=\"twitter:data1\" content=\"NOTICIASMERCEDINAS.COM\" \/>\n\t<meta name=\"twitter:label2\" content=\"Tiempo de lectura\" \/>\n\t<meta name=\"twitter:data2\" content=\"2 minutos\" \/>\n<script type=\"application\/ld+json\" class=\"yoast-schema-graph\">{\"@context\":\"https:\\\/\\\/schema.org\",\"@graph\":[{\"@type\":\"Article\",\"@id\":\"https:\\\/\\\/noticiasmercedinas.com\\\/site\\\/2022\\\/09\\\/08\\\/wado-de-pedro-tambien-se-sumo-a-la-promocion-de-la-fiesta-del-salame\\\/#article\",\"isPartOf\":{\"@id\":\"https:\\\/\\\/noticiasmercedinas.com\\\/site\\\/2022\\\/09\\\/08\\\/wado-de-pedro-tambien-se-sumo-a-la-promocion-de-la-fiesta-del-salame\\\/\"},\"author\":{\"name\":\"NOTICIASMERCEDINAS.COM\",\"@id\":\"https:\\\/\\\/noticiasmercedinas.com\\\/site\\\/#\\\/schema\\\/person\\\/84b59c099c28ff2e8b77d4ceec5d8063\"},\"headline\":\"Wado De Pedro tambi\u00e9n se sum\u00f3 a la promoci\u00f3n de la Fiesta del Salame\",\"datePublished\":\"2022-09-08T20:25:54+00:00\",\"mainEntityOfPage\":{\"@id\":\"https:\\\/\\\/noticiasmercedinas.com\\\/site\\\/2022\\\/09\\\/08\\\/wado-de-pedro-tambien-se-sumo-a-la-promocion-de-la-fiesta-del-salame\\\/\"},\"wordCount\":416,\"commentCount\":0,\"publisher\":{\"@id\":\"https:\\\/\\\/noticiasmercedinas.com\\\/site\\\/#organization\"},\"image\":{\"@id\":\"https:\\\/\\\/noticiasmercedinas.com\\\/site\\\/2022\\\/09\\\/08\\\/wado-de-pedro-tambien-se-sumo-a-la-promocion-de-la-fiesta-del-salame\\\/#primaryimage\"},\"thumbnailUrl\":\"https:\\\/\\\/noticiasmercedinas.com\\\/site\\\/wp-content\\\/uploads\\\/2022\\\/09\\\/SJA_3575.jpg\",\"keywords\":[\"eduardo de pedro\",\"fiesta del salame\"],\"articleSection\":[\"Politica\"],\"inLanguage\":\"es\",\"potentialAction\":[{\"@type\":\"CommentAction\",\"name\":\"Comment\",\"target\":[\"https:\\\/\\\/noticiasmercedinas.com\\\/site\\\/2022\\\/09\\\/08\\\/wado-de-pedro-tambien-se-sumo-a-la-promocion-de-la-fiesta-del-salame\\\/#respond\"]}]},{\"@type\":\"WebPage\",\"@id\":\"https:\\\/\\\/noticiasmercedinas.com\\\/site\\\/2022\\\/09\\\/08\\\/wado-de-pedro-tambien-se-sumo-a-la-promocion-de-la-fiesta-del-salame\\\/\",\"url\":\"https:\\\/\\\/noticiasmercedinas.com\\\/site\\\/2022\\\/09\\\/08\\\/wado-de-pedro-tambien-se-sumo-a-la-promocion-de-la-fiesta-del-salame\\\/\",\"name\":\"Wado De Pedro tambi\u00e9n se sum\u00f3 a la promoci\u00f3n de la Fiesta del Salame\",\"isPartOf\":{\"@id\":\"https:\\\/\\\/noticiasmercedinas.com\\\/site\\\/#website\"},\"primaryImageOfPage\":{\"@id\":\"https:\\\/\\\/noticiasmercedinas.com\\\/site\\\/2022\\\/09\\\/08\\\/wado-de-pedro-tambien-se-sumo-a-la-promocion-de-la-fiesta-del-salame\\\/#primaryimage\"},\"image\":{\"@id\":\"https:\\\/\\\/noticiasmercedinas.com\\\/site\\\/2022\\\/09\\\/08\\\/wado-de-pedro-tambien-se-sumo-a-la-promocion-de-la-fiesta-del-salame\\\/#primaryimage\"},\"thumbnailUrl\":\"https:\\\/\\\/noticiasmercedinas.com\\\/site\\\/wp-content\\\/uploads\\\/2022\\\/09\\\/SJA_3575.jpg\",\"datePublished\":\"2022-09-08T20:25:54+00:00\",\"breadcrumb\":{\"@id\":\"https:\\\/\\\/noticiasmercedinas.com\\\/site\\\/2022\\\/09\\\/08\\\/wado-de-pedro-tambien-se-sumo-a-la-promocion-de-la-fiesta-del-salame\\\/#breadcrumb\"},\"inLanguage\":\"es\",\"potentialAction\":[{\"@type\":\"ReadAction\",\"target\":[\"https:\\\/\\\/noticiasmercedinas.com\\\/site\\\/2022\\\/09\\\/08\\\/wado-de-pedro-tambien-se-sumo-a-la-promocion-de-la-fiesta-del-salame\\\/\"]}]},{\"@type\":\"ImageObject\",\"inLanguage\":\"es\",\"@id\":\"https:\\\/\\\/noticiasmercedinas.com\\\/site\\\/2022\\\/09\\\/08\\\/wado-de-pedro-tambien-se-sumo-a-la-promocion-de-la-fiesta-del-salame\\\/#primaryimage\",\"url\":\"https:\\\/\\\/noticiasmercedinas.com\\\/site\\\/wp-content\\\/uploads\\\/2022\\\/09\\\/SJA_3575.jpg\",\"contentUrl\":\"https:\\\/\\\/noticiasmercedinas.com\\\/site\\\/wp-content\\\/uploads\\\/2022\\\/09\\\/SJA_3575.jpg\",\"width\":922,\"height\":615},{\"@type\":\"BreadcrumbList\",\"@id\":\"https:\\\/\\\/noticiasmercedinas.com\\\/site\\\/2022\\\/09\\\/08\\\/wado-de-pedro-tambien-se-sumo-a-la-promocion-de-la-fiesta-del-salame\\\/#breadcrumb\",\"itemListElement\":[{\"@type\":\"ListItem\",\"position\":1,\"name\":\"Portada\",\"item\":\"https:\\\/\\\/noticiasmercedinas.com\\\/site\\\/\"},{\"@type\":\"ListItem\",\"position\":2,\"name\":\"Wado De Pedro tambi\u00e9n se sum\u00f3 a la promoci\u00f3n de la Fiesta del Salame\"}]},{\"@type\":\"WebSite\",\"@id\":\"https:\\\/\\\/noticiasmercedinas.com\\\/site\\\/#website\",\"url\":\"https:\\\/\\\/noticiasmercedinas.com\\\/site\\\/\",\"name\":\"NOTICIASMERCEDINAS.COM\",\"description\":\"Mercedes, Buenos Aires, Argentina\",\"publisher\":{\"@id\":\"https:\\\/\\\/noticiasmercedinas.com\\\/site\\\/#organization\"},\"potentialAction\":[{\"@type\":\"SearchAction\",\"target\":{\"@type\":\"EntryPoint\",\"urlTemplate\":\"https:\\\/\\\/noticiasmercedinas.com\\\/site\\\/?s={search_term_string}\"},\"query-input\":{\"@type\":\"PropertyValueSpecification\",\"valueRequired\":true,\"valueName\":\"search_term_string\"}}],\"inLanguage\":\"es\"},{\"@type\":\"Organization\",\"@id\":\"https:\\\/\\\/noticiasmercedinas.com\\\/site\\\/#organization\",\"name\":\"NOTICIASMERCEDINAS.COM\",\"url\":\"https:\\\/\\\/noticiasmercedinas.com\\\/site\\\/\",\"logo\":{\"@type\":\"ImageObject\",\"inLanguage\":\"es\",\"@id\":\"https:\\\/\\\/noticiasmercedinas.com\\\/site\\\/#\\\/schema\\\/logo\\\/image\\\/\",\"url\":\"https:\\\/\\\/noticiasmercedinas.com\\\/site\\\/wp-content\\\/uploads\\\/2020\\\/06\\\/LOGO-512.jpg\",\"contentUrl\":\"https:\\\/\\\/noticiasmercedinas.com\\\/site\\\/wp-content\\\/uploads\\\/2020\\\/06\\\/LOGO-512.jpg\",\"width\":512,\"height\":512,\"caption\":\"NOTICIASMERCEDINAS.COM\"},\"image\":{\"@id\":\"https:\\\/\\\/noticiasmercedinas.com\\\/site\\\/#\\\/schema\\\/logo\\\/image\\\/\"},\"sameAs\":[\"https:\\\/\\\/www.facebook.com\\\/noticiasmercedinas\\\/\",\"https:\\\/\\\/x.com\\\/notmercedinas\",\"https:\\\/\\\/www.instagram.com\\\/noticiasmercedinas\\\/\"]},{\"@type\":\"Person\",\"@id\":\"https:\\\/\\\/noticiasmercedinas.com\\\/site\\\/#\\\/schema\\\/person\\\/84b59c099c28ff2e8b77d4ceec5d8063\",\"name\":\"NOTICIASMERCEDINAS.COM\",\"image\":{\"@type\":\"ImageObject\",\"inLanguage\":\"es\",\"@id\":\"https:\\\/\\\/secure.gravatar.com\\\/avatar\\\/4dfbf16b4d17945bfb6341b2d19043457132fcf478a5ee04f42e959fd8f5df0a?s=96&d=mm&r=g\",\"url\":\"https:\\\/\\\/secure.gravatar.com\\\/avatar\\\/4dfbf16b4d17945bfb6341b2d19043457132fcf478a5ee04f42e959fd8f5df0a?s=96&d=mm&r=g\",\"contentUrl\":\"https:\\\/\\\/secure.gravatar.com\\\/avatar\\\/4dfbf16b4d17945bfb6341b2d19043457132fcf478a5ee04f42e959fd8f5df0a?s=96&d=mm&r=g\",\"caption\":\"NOTICIASMERCEDINAS.COM\"},\"url\":\"https:\\\/\\\/noticiasmercedinas.com\\\/site\\\/author\\\/anonimo\\\/\"}]}<\/script>\n<!-- \/ Yoast SEO plugin. -->","yoast_head_json":{"title":"Wado De Pedro tambi\u00e9n se sum\u00f3 a la promoci\u00f3n de la Fiesta del Salame","robots":{"index":"index","follow":"follow","max-snippet":"max-snippet:-1","max-image-preview":"max-image-preview:large","max-video-preview":"max-video-preview:-1"},"canonical":"https:\/\/noticiasmercedinas.com\/site\/2022\/09\/08\/wado-de-pedro-tambien-se-sumo-a-la-promocion-de-la-fiesta-del-salame\/","og_locale":"es_ES","og_type":"article","og_title":"Wado De Pedro tambi\u00e9n se sum\u00f3 a la promoci\u00f3n de la Fiesta del Salame","og_description":"\u25a0 Durante la ma\u00f1ana del mi\u00e9rcoles, el ministro De Pedro recibi\u00f3 a una gran comitiva de nuestra ciudad. Y la jornada de promoci\u00f3n continu\u00f3 por diferentes lugares de la ciudad porte\u00f1a","og_url":"https:\/\/noticiasmercedinas.com\/site\/2022\/09\/08\/wado-de-pedro-tambien-se-sumo-a-la-promocion-de-la-fiesta-del-salame\/","og_site_name":"NOTICIASMERCEDINAS.COM","article_publisher":"https:\/\/www.facebook.com\/noticiasmercedinas\/","article_published_time":"2022-09-08T20:25:54+00:00","og_image":[{"width":922,"height":615,"url":"https:\/\/noticiasmercedinas.com\/site\/wp-content\/uploads\/2022\/09\/SJA_3575.jpg","type":"image\/jpeg"}],"author":"NOTICIASMERCEDINAS.COM","twitter_card":"summary_large_image","twitter_creator":"@notmercedinas","twitter_site":"@notmercedinas","twitter_misc":{"Escrito por":"NOTICIASMERCEDINAS.COM","Tiempo de lectura":"2 minutos"},"schema":{"@context":"https:\/\/schema.org","@graph":[{"@type":"Article","@id":"https:\/\/noticiasmercedinas.com\/site\/2022\/09\/08\/wado-de-pedro-tambien-se-sumo-a-la-promocion-de-la-fiesta-del-salame\/#article","isPartOf":{"@id":"https:\/\/noticiasmercedinas.com\/site\/2022\/09\/08\/wado-de-pedro-tambien-se-sumo-a-la-promocion-de-la-fiesta-del-salame\/"},"author":{"name":"NOTICIASMERCEDINAS.COM","@id":"https:\/\/noticiasmercedinas.com\/site\/#\/schema\/person\/84b59c099c28ff2e8b77d4ceec5d8063"},"headline":"Wado De Pedro tambi\u00e9n se sum\u00f3 a la promoci\u00f3n de la Fiesta del Salame","datePublished":"2022-09-08T20:25:54+00:00","mainEntityOfPage":{"@id":"https:\/\/noticiasmercedinas.com\/site\/2022\/09\/08\/wado-de-pedro-tambien-se-sumo-a-la-promocion-de-la-fiesta-del-salame\/"},"wordCount":416,"commentCount":0,"publisher":{"@id":"https:\/\/noticiasmercedinas.com\/site\/#organization"},"image":{"@id":"https:\/\/noticiasmercedinas.com\/site\/2022\/09\/08\/wado-de-pedro-tambien-se-sumo-a-la-promocion-de-la-fiesta-del-salame\/#primaryimage"},"thumbnailUrl":"https:\/\/noticiasmercedinas.com\/site\/wp-content\/uploads\/2022\/09\/SJA_3575.jpg","keywords":["eduardo de pedro","fiesta del salame"],"articleSection":["Politica"],"inLanguage":"es","potentialAction":[{"@type":"CommentAction","name":"Comment","target":["https:\/\/noticiasmercedinas.com\/site\/2022\/09\/08\/wado-de-pedro-tambien-se-sumo-a-la-promocion-de-la-fiesta-del-salame\/#respond"]}]},{"@type":"WebPage","@id":"https:\/\/noticiasmercedinas.com\/site\/2022\/09\/08\/wado-de-pedro-tambien-se-sumo-a-la-promocion-de-la-fiesta-del-salame\/","url":"https:\/\/noticiasmercedinas.com\/site\/2022\/09\/08\/wado-de-pedro-tambien-se-sumo-a-la-promocion-de-la-fiesta-del-salame\/","name":"Wado De Pedro tambi\u00e9n se sum\u00f3 a la promoci\u00f3n de la Fiesta del Salame","isPartOf":{"@id":"https:\/\/noticiasmercedinas.com\/site\/#website"},"primaryImageOfPage":{"@id":"https:\/\/noticiasmercedinas.com\/site\/2022\/09\/08\/wado-de-pedro-tambien-se-sumo-a-la-promocion-de-la-fiesta-del-salame\/#primaryimage"},"image":{"@id":"https:\/\/noticiasmercedinas.com\/site\/2022\/09\/08\/wado-de-pedro-tambien-se-sumo-a-la-promocion-de-la-fiesta-del-salame\/#primaryimage"},"thumbnailUrl":"https:\/\/noticiasmercedinas.com\/site\/wp-content\/uploads\/2022\/09\/SJA_3575.jpg","datePublished":"2022-09-08T20:25:54+00:00","breadcrumb":{"@id":"https:\/\/noticiasmercedinas.com\/site\/2022\/09\/08\/wado-de-pedro-tambien-se-sumo-a-la-promocion-de-la-fiesta-del-salame\/#breadcrumb"},"inLanguage":"es","potentialAction":[{"@type":"ReadAction","target":["https:\/\/noticiasmercedinas.com\/site\/2022\/09\/08\/wado-de-pedro-tambien-se-sumo-a-la-promocion-de-la-fiesta-del-salame\/"]}]},{"@type":"ImageObject","inLanguage":"es","@id":"https:\/\/noticiasmercedinas.com\/site\/2022\/09\/08\/wado-de-pedro-tambien-se-sumo-a-la-promocion-de-la-fiesta-del-salame\/#primaryimage","url":"https:\/\/noticiasmercedinas.com\/site\/wp-content\/uploads\/2022\/09\/SJA_3575.jpg","contentUrl":"https:\/\/noticiasmercedinas.com\/site\/wp-content\/uploads\/2022\/09\/SJA_3575.jpg","width":922,"height":615},{"@type":"BreadcrumbList","@id":"https:\/\/noticiasmercedinas.com\/site\/2022\/09\/08\/wado-de-pedro-tambien-se-sumo-a-la-promocion-de-la-fiesta-del-salame\/#breadcrumb","itemListElement":[{"@type":"ListItem","position":1,"name":"Portada","item":"https:\/\/noticiasmercedinas.com\/site\/"},{"@type":"ListItem","position":2,"name":"Wado De Pedro tambi\u00e9n se sum\u00f3 a la promoci\u00f3n de la Fiesta del Salame"}]},{"@type":"WebSite","@id":"https:\/\/noticiasmercedinas.com\/site\/#website","url":"https:\/\/noticiasmercedinas.com\/site\/","name":"NOTICIASMERCEDINAS.COM","description":"Mercedes, Buenos Aires, Argentina","publisher":{"@id":"https:\/\/noticiasmercedinas.com\/site\/#organization"},"potentialAction":[{"@type":"SearchAction","target":{"@type":"EntryPoint","urlTemplate":"https:\/\/noticiasmercedinas.com\/site\/?s={search_term_string}"},"query-input":{"@type":"PropertyValueSpecification","valueRequired":true,"valueName":"search_term_string"}}],"inLanguage":"es"},{"@type":"Organization","@id":"https:\/\/noticiasmercedinas.com\/site\/#organization","name":"NOTICIASMERCEDINAS.COM","url":"https:\/\/noticiasmercedinas.com\/site\/","logo":{"@type":"ImageObject","inLanguage":"es","@id":"https:\/\/noticiasmercedinas.com\/site\/#\/schema\/logo\/image\/","url":"https:\/\/noticiasmercedinas.com\/site\/wp-content\/uploads\/2020\/06\/LOGO-512.jpg","contentUrl":"https:\/\/noticiasmercedinas.com\/site\/wp-content\/uploads\/2020\/06\/LOGO-512.jpg","width":512,"height":512,"caption":"NOTICIASMERCEDINAS.COM"},"image":{"@id":"https:\/\/noticiasmercedinas.com\/site\/#\/schema\/logo\/image\/"},"sameAs":["https:\/\/www.facebook.com\/noticiasmercedinas\/","https:\/\/x.com\/notmercedinas","https:\/\/www.instagram.com\/noticiasmercedinas\/"]},{"@type":"Person","@id":"https:\/\/noticiasmercedinas.com\/site\/#\/schema\/person\/84b59c099c28ff2e8b77d4ceec5d8063","name":"NOTICIASMERCEDINAS.COM","image":{"@type":"ImageObject","inLanguage":"es","@id":"https:\/\/secure.gravatar.com\/avatar\/4dfbf16b4d17945bfb6341b2d19043457132fcf478a5ee04f42e959fd8f5df0a?s=96&d=mm&r=g","url":"https:\/\/secure.gravatar.com\/avatar\/4dfbf16b4d17945bfb6341b2d19043457132fcf478a5ee04f42e959fd8f5df0a?s=96&d=mm&r=g","contentUrl":"https:\/\/secure.gravatar.com\/avatar\/4dfbf16b4d17945bfb6341b2d19043457132fcf478a5ee04f42e959fd8f5df0a?s=96&d=mm&r=g","caption":"NOTICIASMERCEDINAS.COM"},"url":"https:\/\/noticiasmercedinas.com\/site\/author\/anonimo\/"}]}},"amp_enabled":true,"_links":{"self":[{"href":"https:\/\/noticiasmercedinas.com\/site\/wp-json\/wp\/v2\/posts\/99110","targetHints":{"allow":["GET"]}}],"collection":[{"href":"https:\/\/noticiasmercedinas.com\/site\/wp-json\/wp\/v2\/posts"}],"about":[{"href":"https:\/\/noticiasmercedinas.com\/site\/wp-json\/wp\/v2\/types\/post"}],"author":[{"embeddable":true,"href":"https:\/\/noticiasmercedinas.com\/site\/wp-json\/wp\/v2\/users\/16"}],"replies":[{"embeddable":true,"href":"https:\/\/noticiasmercedinas.com\/site\/wp-json\/wp\/v2\/comments?post=99110"}],"version-history":[{"count":1,"href":"https:\/\/noticiasmercedinas.com\/site\/wp-json\/wp\/v2\/posts\/99110\/revisions"}],"predecessor-version":[{"id":99112,"href":"https:\/\/noticiasmercedinas.com\/site\/wp-json\/wp\/v2\/posts\/99110\/revisions\/99112"}],"wp:featuredmedia":[{"embeddable":true,"href":"https:\/\/noticiasmercedinas.com\/site\/wp-json\/wp\/v2\/media\/99111"}],"wp:attachment":[{"href":"https:\/\/noticiasmercedinas.com\/site\/wp-json\/wp\/v2\/media?parent=99110"}],"wp:term":[{"taxonomy":"category","embeddable":true,"href":"https:\/\/noticiasmercedinas.com\/site\/wp-json\/wp\/v2\/categories?post=99110"},{"taxonomy":"post_tag","embeddable":true,"href":"https:\/\/noticiasmercedinas.com\/site\/wp-json\/wp\/v2\/tags?post=99110"}],"curies":[{"name":"wp","href":"https:\/\/api.w.org\/{rel}","templated":true}]}}