{"id":99117,"date":"2022-09-08T19:40:24","date_gmt":"2022-09-08T22:40:24","guid":{"rendered":"https:\/\/noticiasmercedinas.com\/site\/?p=99117"},"modified":"2022-09-08T19:40:24","modified_gmt":"2022-09-08T22:40:24","slug":"comilu-encabezo-una-mesa-de-trabajo-con-el-intendente-de-suipacha","status":"publish","type":"post","link":"https:\/\/noticiasmercedinas.com\/site\/2022\/09\/08\/comilu-encabezo-una-mesa-de-trabajo-con-el-intendente-de-suipacha\/","title":{"rendered":"ComiLu encabez\u00f3 una mesa de trabajo con el intendente de Suipacha"},"content":{"rendered":"<figure id=\"attachment_99118\" aria-describedby=\"caption-attachment-99118\" style=\"width: 700px\" class=\"wp-caption alignnone\"><img loading=\"lazy\" decoding=\"async\" class=\"wp-image-99118 size-full\" src=\"https:\/\/noticiasmercedinas.com\/site\/wp-content\/uploads\/2022\/09\/1_9.jpg\" alt=\"\" width=\"700\" height=\"421\" srcset=\"https:\/\/noticiasmercedinas.com\/site\/wp-content\/uploads\/2022\/09\/1_9.jpg 700w, https:\/\/noticiasmercedinas.com\/site\/wp-content\/uploads\/2022\/09\/1_9-300x180.jpg 300w, https:\/\/noticiasmercedinas.com\/site\/wp-content\/uploads\/2022\/09\/1_9-640x385.jpg 640w, https:\/\/noticiasmercedinas.com\/site\/wp-content\/uploads\/2022\/09\/1_9-681x410.jpg 681w\" sizes=\"auto, (max-width: 700px) 100vw, 700px\" \/><figcaption id=\"caption-attachment-99118\" class=\"wp-caption-text\">German Ciucci, Alejandro Federico, Martina Manfredi, Federico Cattaneo<\/figcaption><\/figure>\n<p>El Director General Ejecutivo del Comit\u00e9 de Cuenca del R\u00edo Luj\u00e1n (ComiLu), dependiente de la Subsecretar\u00eda de Recursos H\u00eddrico de la provincia de Buenos Aires, <strong>Germ\u00e1n Ciucci<\/strong>, recibi\u00f3 al intendente de Suipacha, <strong>Alejandro Federico<\/strong>, para coordinar acciones en torno a la concreci\u00f3n del Paseo Ribere\u00f1o \u201cArroyo Los Leones\u201d.<\/p>\n<p>Durante el encuentro se logr\u00f3 avanzar en el desarrollo del proyecto, ideando la anexi\u00f3n de un bicisenda al plan original y un nuevo esquema de juegos recreativos.<\/p>\n<p>Estas acciones pondr\u00e1n la zona al servicio de la poblaci\u00f3n de Suipacha, sumando valor y utilidad al lugar.<\/p>\n<p>Por otra parte, tambi\u00e9n quedaron planteadas diferentes cuestiones relacionadas a la tarea que desarrolla el Comit\u00e9 en relaci\u00f3n a la Gesti\u00f3n de Residuos S\u00f3lidos Urbanos (GIRSU) y a la posibilidad de trabajar de manera conjunta con el municipio en la organizaci\u00f3n de charlas y talleres de Educaci\u00f3n Ambiental.<\/p>\n","protected":false},"excerpt":{"rendered":"<p>\u25a0 Durante la reuni\u00f3n realizada en La Plata, se lograron avances para la concreci\u00f3n del Paseo Ribere\u00f1o \u201cArroyo Los Leones\u201d. Alejandro Federico plante\u00f3 varias cuestiones ambientales<\/p>\n","protected":false},"author":16,"featured_media":99118,"comment_status":"open","ping_status":"open","sticky":false,"template":"","format":"standard","meta":{"footnotes":""},"categories":[139],"tags":[1097,15223,533,13747,1095],"class_list":["post-99117","post","type-post","status-publish","format-standard","has-post-thumbnail","hentry","category-regionales","tag-alejandro-federico","tag-arroyo-los-leones","tag-comilu","tag-german-ciucci","tag-suipacha"],"yoast_head":"<!-- This site is optimized with the Yoast SEO plugin v27.4 - https:\/\/yoast.com\/product\/yoast-seo-wordpress\/ -->\n<title>ComiLu encabez\u00f3 una mesa de trabajo con el intendente de Suipacha<\/title>\n<meta name=\"robots\" content=\"index, follow, max-snippet:-1, max-image-preview:large, max-video-preview:-1\" \/>\n<link rel=\"canonical\" href=\"https:\/\/noticiasmercedinas.com\/site\/2022\/09\/08\/comilu-encabezo-una-mesa-de-trabajo-con-el-intendente-de-suipacha\/\" \/>\n<meta property=\"og:locale\" content=\"es_ES\" \/>\n<meta property=\"og:type\" content=\"article\" \/>\n<meta property=\"og:title\" content=\"ComiLu encabez\u00f3 una mesa de trabajo con el intendente de Suipacha\" \/>\n<meta property=\"og:description\" content=\"\u25a0 Durante la reuni\u00f3n realizada en La Plata, se lograron avances para la concreci\u00f3n del Paseo Ribere\u00f1o \u201cArroyo Los Leones\u201d. Alejandro Federico plante\u00f3 varias cuestiones ambientales\" \/>\n<meta property=\"og:url\" content=\"https:\/\/noticiasmercedinas.com\/site\/2022\/09\/08\/comilu-encabezo-una-mesa-de-trabajo-con-el-intendente-de-suipacha\/\" \/>\n<meta property=\"og:site_name\" content=\"NOTICIASMERCEDINAS.COM\" \/>\n<meta property=\"article:publisher\" content=\"https:\/\/www.facebook.com\/noticiasmercedinas\/\" \/>\n<meta property=\"article:published_time\" content=\"2022-09-08T22:40:24+00:00\" \/>\n<meta property=\"og:image\" content=\"https:\/\/noticiasmercedinas.com\/site\/wp-content\/uploads\/2022\/09\/1_9.jpg\" \/>\n\t<meta property=\"og:image:width\" content=\"700\" \/>\n\t<meta property=\"og:image:height\" content=\"421\" \/>\n\t<meta property=\"og:image:type\" content=\"image\/jpeg\" \/>\n<meta name=\"author\" content=\"NOTICIASMERCEDINAS.COM\" \/>\n<meta name=\"twitter:card\" content=\"summary_large_image\" \/>\n<meta name=\"twitter:creator\" content=\"@notmercedinas\" \/>\n<meta name=\"twitter:site\" content=\"@notmercedinas\" \/>\n<meta name=\"twitter:label1\" content=\"Escrito por\" \/>\n\t<meta name=\"twitter:data1\" content=\"NOTICIASMERCEDINAS.COM\" \/>\n\t<meta name=\"twitter:label2\" content=\"Tiempo de lectura\" \/>\n\t<meta name=\"twitter:data2\" content=\"1 minuto\" \/>\n<script type=\"application\/ld+json\" class=\"yoast-schema-graph\">{\"@context\":\"https:\\\/\\\/schema.org\",\"@graph\":[{\"@type\":\"Article\",\"@id\":\"https:\\\/\\\/noticiasmercedinas.com\\\/site\\\/2022\\\/09\\\/08\\\/comilu-encabezo-una-mesa-de-trabajo-con-el-intendente-de-suipacha\\\/#article\",\"isPartOf\":{\"@id\":\"https:\\\/\\\/noticiasmercedinas.com\\\/site\\\/2022\\\/09\\\/08\\\/comilu-encabezo-una-mesa-de-trabajo-con-el-intendente-de-suipacha\\\/\"},\"author\":{\"name\":\"NOTICIASMERCEDINAS.COM\",\"@id\":\"https:\\\/\\\/noticiasmercedinas.com\\\/site\\\/#\\\/schema\\\/person\\\/84b59c099c28ff2e8b77d4ceec5d8063\"},\"headline\":\"ComiLu encabez\u00f3 una mesa de trabajo con el intendente de Suipacha\",\"datePublished\":\"2022-09-08T22:40:24+00:00\",\"mainEntityOfPage\":{\"@id\":\"https:\\\/\\\/noticiasmercedinas.com\\\/site\\\/2022\\\/09\\\/08\\\/comilu-encabezo-una-mesa-de-trabajo-con-el-intendente-de-suipacha\\\/\"},\"wordCount\":183,\"commentCount\":0,\"publisher\":{\"@id\":\"https:\\\/\\\/noticiasmercedinas.com\\\/site\\\/#organization\"},\"image\":{\"@id\":\"https:\\\/\\\/noticiasmercedinas.com\\\/site\\\/2022\\\/09\\\/08\\\/comilu-encabezo-una-mesa-de-trabajo-con-el-intendente-de-suipacha\\\/#primaryimage\"},\"thumbnailUrl\":\"https:\\\/\\\/noticiasmercedinas.com\\\/site\\\/wp-content\\\/uploads\\\/2022\\\/09\\\/1_9.jpg\",\"keywords\":[\"alejandro federico\",\"Arroyo Los Leones\",\"comilu\",\"German Ciucci\",\"suipacha\"],\"articleSection\":[\"Regionales\"],\"inLanguage\":\"es\",\"potentialAction\":[{\"@type\":\"CommentAction\",\"name\":\"Comment\",\"target\":[\"https:\\\/\\\/noticiasmercedinas.com\\\/site\\\/2022\\\/09\\\/08\\\/comilu-encabezo-una-mesa-de-trabajo-con-el-intendente-de-suipacha\\\/#respond\"]}]},{\"@type\":\"WebPage\",\"@id\":\"https:\\\/\\\/noticiasmercedinas.com\\\/site\\\/2022\\\/09\\\/08\\\/comilu-encabezo-una-mesa-de-trabajo-con-el-intendente-de-suipacha\\\/\",\"url\":\"https:\\\/\\\/noticiasmercedinas.com\\\/site\\\/2022\\\/09\\\/08\\\/comilu-encabezo-una-mesa-de-trabajo-con-el-intendente-de-suipacha\\\/\",\"name\":\"ComiLu encabez\u00f3 una mesa de trabajo con el intendente de Suipacha\",\"isPartOf\":{\"@id\":\"https:\\\/\\\/noticiasmercedinas.com\\\/site\\\/#website\"},\"primaryImageOfPage\":{\"@id\":\"https:\\\/\\\/noticiasmercedinas.com\\\/site\\\/2022\\\/09\\\/08\\\/comilu-encabezo-una-mesa-de-trabajo-con-el-intendente-de-suipacha\\\/#primaryimage\"},\"image\":{\"@id\":\"https:\\\/\\\/noticiasmercedinas.com\\\/site\\\/2022\\\/09\\\/08\\\/comilu-encabezo-una-mesa-de-trabajo-con-el-intendente-de-suipacha\\\/#primaryimage\"},\"thumbnailUrl\":\"https:\\\/\\\/noticiasmercedinas.com\\\/site\\\/wp-content\\\/uploads\\\/2022\\\/09\\\/1_9.jpg\",\"datePublished\":\"2022-09-08T22:40:24+00:00\",\"breadcrumb\":{\"@id\":\"https:\\\/\\\/noticiasmercedinas.com\\\/site\\\/2022\\\/09\\\/08\\\/comilu-encabezo-una-mesa-de-trabajo-con-el-intendente-de-suipacha\\\/#breadcrumb\"},\"inLanguage\":\"es\",\"potentialAction\":[{\"@type\":\"ReadAction\",\"target\":[\"https:\\\/\\\/noticiasmercedinas.com\\\/site\\\/2022\\\/09\\\/08\\\/comilu-encabezo-una-mesa-de-trabajo-con-el-intendente-de-suipacha\\\/\"]}]},{\"@type\":\"ImageObject\",\"inLanguage\":\"es\",\"@id\":\"https:\\\/\\\/noticiasmercedinas.com\\\/site\\\/2022\\\/09\\\/08\\\/comilu-encabezo-una-mesa-de-trabajo-con-el-intendente-de-suipacha\\\/#primaryimage\",\"url\":\"https:\\\/\\\/noticiasmercedinas.com\\\/site\\\/wp-content\\\/uploads\\\/2022\\\/09\\\/1_9.jpg\",\"contentUrl\":\"https:\\\/\\\/noticiasmercedinas.com\\\/site\\\/wp-content\\\/uploads\\\/2022\\\/09\\\/1_9.jpg\",\"width\":700,\"height\":421},{\"@type\":\"BreadcrumbList\",\"@id\":\"https:\\\/\\\/noticiasmercedinas.com\\\/site\\\/2022\\\/09\\\/08\\\/comilu-encabezo-una-mesa-de-trabajo-con-el-intendente-de-suipacha\\\/#breadcrumb\",\"itemListElement\":[{\"@type\":\"ListItem\",\"position\":1,\"name\":\"Portada\",\"item\":\"https:\\\/\\\/noticiasmercedinas.com\\\/site\\\/\"},{\"@type\":\"ListItem\",\"position\":2,\"name\":\"ComiLu encabez\u00f3 una mesa de trabajo con el intendente de Suipacha\"}]},{\"@type\":\"WebSite\",\"@id\":\"https:\\\/\\\/noticiasmercedinas.com\\\/site\\\/#website\",\"url\":\"https:\\\/\\\/noticiasmercedinas.com\\\/site\\\/\",\"name\":\"NOTICIASMERCEDINAS.COM\",\"description\":\"Mercedes, Buenos Aires, Argentina\",\"publisher\":{\"@id\":\"https:\\\/\\\/noticiasmercedinas.com\\\/site\\\/#organization\"},\"potentialAction\":[{\"@type\":\"SearchAction\",\"target\":{\"@type\":\"EntryPoint\",\"urlTemplate\":\"https:\\\/\\\/noticiasmercedinas.com\\\/site\\\/?s={search_term_string}\"},\"query-input\":{\"@type\":\"PropertyValueSpecification\",\"valueRequired\":true,\"valueName\":\"search_term_string\"}}],\"inLanguage\":\"es\"},{\"@type\":\"Organization\",\"@id\":\"https:\\\/\\\/noticiasmercedinas.com\\\/site\\\/#organization\",\"name\":\"NOTICIASMERCEDINAS.COM\",\"url\":\"https:\\\/\\\/noticiasmercedinas.com\\\/site\\\/\",\"logo\":{\"@type\":\"ImageObject\",\"inLanguage\":\"es\",\"@id\":\"https:\\\/\\\/noticiasmercedinas.com\\\/site\\\/#\\\/schema\\\/logo\\\/image\\\/\",\"url\":\"https:\\\/\\\/noticiasmercedinas.com\\\/site\\\/wp-content\\\/uploads\\\/2020\\\/06\\\/LOGO-512.jpg\",\"contentUrl\":\"https:\\\/\\\/noticiasmercedinas.com\\\/site\\\/wp-content\\\/uploads\\\/2020\\\/06\\\/LOGO-512.jpg\",\"width\":512,\"height\":512,\"caption\":\"NOTICIASMERCEDINAS.COM\"},\"image\":{\"@id\":\"https:\\\/\\\/noticiasmercedinas.com\\\/site\\\/#\\\/schema\\\/logo\\\/image\\\/\"},\"sameAs\":[\"https:\\\/\\\/www.facebook.com\\\/noticiasmercedinas\\\/\",\"https:\\\/\\\/x.com\\\/notmercedinas\",\"https:\\\/\\\/www.instagram.com\\\/noticiasmercedinas\\\/\"]},{\"@type\":\"Person\",\"@id\":\"https:\\\/\\\/noticiasmercedinas.com\\\/site\\\/#\\\/schema\\\/person\\\/84b59c099c28ff2e8b77d4ceec5d8063\",\"name\":\"NOTICIASMERCEDINAS.COM\",\"image\":{\"@type\":\"ImageObject\",\"inLanguage\":\"es\",\"@id\":\"https:\\\/\\\/secure.gravatar.com\\\/avatar\\\/4dfbf16b4d17945bfb6341b2d19043457132fcf478a5ee04f42e959fd8f5df0a?s=96&d=mm&r=g\",\"url\":\"https:\\\/\\\/secure.gravatar.com\\\/avatar\\\/4dfbf16b4d17945bfb6341b2d19043457132fcf478a5ee04f42e959fd8f5df0a?s=96&d=mm&r=g\",\"contentUrl\":\"https:\\\/\\\/secure.gravatar.com\\\/avatar\\\/4dfbf16b4d17945bfb6341b2d19043457132fcf478a5ee04f42e959fd8f5df0a?s=96&d=mm&r=g\",\"caption\":\"NOTICIASMERCEDINAS.COM\"},\"url\":\"https:\\\/\\\/noticiasmercedinas.com\\\/site\\\/author\\\/anonimo\\\/\"}]}<\/script>\n<!-- \/ Yoast SEO plugin. -->","yoast_head_json":{"title":"ComiLu encabez\u00f3 una mesa de trabajo con el intendente de Suipacha","robots":{"index":"index","follow":"follow","max-snippet":"max-snippet:-1","max-image-preview":"max-image-preview:large","max-video-preview":"max-video-preview:-1"},"canonical":"https:\/\/noticiasmercedinas.com\/site\/2022\/09\/08\/comilu-encabezo-una-mesa-de-trabajo-con-el-intendente-de-suipacha\/","og_locale":"es_ES","og_type":"article","og_title":"ComiLu encabez\u00f3 una mesa de trabajo con el intendente de Suipacha","og_description":"\u25a0 Durante la reuni\u00f3n realizada en La Plata, se lograron avances para la concreci\u00f3n del Paseo Ribere\u00f1o \u201cArroyo Los Leones\u201d. Alejandro Federico plante\u00f3 varias cuestiones ambientales","og_url":"https:\/\/noticiasmercedinas.com\/site\/2022\/09\/08\/comilu-encabezo-una-mesa-de-trabajo-con-el-intendente-de-suipacha\/","og_site_name":"NOTICIASMERCEDINAS.COM","article_publisher":"https:\/\/www.facebook.com\/noticiasmercedinas\/","article_published_time":"2022-09-08T22:40:24+00:00","og_image":[{"width":700,"height":421,"url":"https:\/\/noticiasmercedinas.com\/site\/wp-content\/uploads\/2022\/09\/1_9.jpg","type":"image\/jpeg"}],"author":"NOTICIASMERCEDINAS.COM","twitter_card":"summary_large_image","twitter_creator":"@notmercedinas","twitter_site":"@notmercedinas","twitter_misc":{"Escrito por":"NOTICIASMERCEDINAS.COM","Tiempo de lectura":"1 minuto"},"schema":{"@context":"https:\/\/schema.org","@graph":[{"@type":"Article","@id":"https:\/\/noticiasmercedinas.com\/site\/2022\/09\/08\/comilu-encabezo-una-mesa-de-trabajo-con-el-intendente-de-suipacha\/#article","isPartOf":{"@id":"https:\/\/noticiasmercedinas.com\/site\/2022\/09\/08\/comilu-encabezo-una-mesa-de-trabajo-con-el-intendente-de-suipacha\/"},"author":{"name":"NOTICIASMERCEDINAS.COM","@id":"https:\/\/noticiasmercedinas.com\/site\/#\/schema\/person\/84b59c099c28ff2e8b77d4ceec5d8063"},"headline":"ComiLu encabez\u00f3 una mesa de trabajo con el intendente de Suipacha","datePublished":"2022-09-08T22:40:24+00:00","mainEntityOfPage":{"@id":"https:\/\/noticiasmercedinas.com\/site\/2022\/09\/08\/comilu-encabezo-una-mesa-de-trabajo-con-el-intendente-de-suipacha\/"},"wordCount":183,"commentCount":0,"publisher":{"@id":"https:\/\/noticiasmercedinas.com\/site\/#organization"},"image":{"@id":"https:\/\/noticiasmercedinas.com\/site\/2022\/09\/08\/comilu-encabezo-una-mesa-de-trabajo-con-el-intendente-de-suipacha\/#primaryimage"},"thumbnailUrl":"https:\/\/noticiasmercedinas.com\/site\/wp-content\/uploads\/2022\/09\/1_9.jpg","keywords":["alejandro federico","Arroyo Los Leones","comilu","German Ciucci","suipacha"],"articleSection":["Regionales"],"inLanguage":"es","potentialAction":[{"@type":"CommentAction","name":"Comment","target":["https:\/\/noticiasmercedinas.com\/site\/2022\/09\/08\/comilu-encabezo-una-mesa-de-trabajo-con-el-intendente-de-suipacha\/#respond"]}]},{"@type":"WebPage","@id":"https:\/\/noticiasmercedinas.com\/site\/2022\/09\/08\/comilu-encabezo-una-mesa-de-trabajo-con-el-intendente-de-suipacha\/","url":"https:\/\/noticiasmercedinas.com\/site\/2022\/09\/08\/comilu-encabezo-una-mesa-de-trabajo-con-el-intendente-de-suipacha\/","name":"ComiLu encabez\u00f3 una mesa de trabajo con el intendente de Suipacha","isPartOf":{"@id":"https:\/\/noticiasmercedinas.com\/site\/#website"},"primaryImageOfPage":{"@id":"https:\/\/noticiasmercedinas.com\/site\/2022\/09\/08\/comilu-encabezo-una-mesa-de-trabajo-con-el-intendente-de-suipacha\/#primaryimage"},"image":{"@id":"https:\/\/noticiasmercedinas.com\/site\/2022\/09\/08\/comilu-encabezo-una-mesa-de-trabajo-con-el-intendente-de-suipacha\/#primaryimage"},"thumbnailUrl":"https:\/\/noticiasmercedinas.com\/site\/wp-content\/uploads\/2022\/09\/1_9.jpg","datePublished":"2022-09-08T22:40:24+00:00","breadcrumb":{"@id":"https:\/\/noticiasmercedinas.com\/site\/2022\/09\/08\/comilu-encabezo-una-mesa-de-trabajo-con-el-intendente-de-suipacha\/#breadcrumb"},"inLanguage":"es","potentialAction":[{"@type":"ReadAction","target":["https:\/\/noticiasmercedinas.com\/site\/2022\/09\/08\/comilu-encabezo-una-mesa-de-trabajo-con-el-intendente-de-suipacha\/"]}]},{"@type":"ImageObject","inLanguage":"es","@id":"https:\/\/noticiasmercedinas.com\/site\/2022\/09\/08\/comilu-encabezo-una-mesa-de-trabajo-con-el-intendente-de-suipacha\/#primaryimage","url":"https:\/\/noticiasmercedinas.com\/site\/wp-content\/uploads\/2022\/09\/1_9.jpg","contentUrl":"https:\/\/noticiasmercedinas.com\/site\/wp-content\/uploads\/2022\/09\/1_9.jpg","width":700,"height":421},{"@type":"BreadcrumbList","@id":"https:\/\/noticiasmercedinas.com\/site\/2022\/09\/08\/comilu-encabezo-una-mesa-de-trabajo-con-el-intendente-de-suipacha\/#breadcrumb","itemListElement":[{"@type":"ListItem","position":1,"name":"Portada","item":"https:\/\/noticiasmercedinas.com\/site\/"},{"@type":"ListItem","position":2,"name":"ComiLu encabez\u00f3 una mesa de trabajo con el intendente de Suipacha"}]},{"@type":"WebSite","@id":"https:\/\/noticiasmercedinas.com\/site\/#website","url":"https:\/\/noticiasmercedinas.com\/site\/","name":"NOTICIASMERCEDINAS.COM","description":"Mercedes, Buenos Aires, Argentina","publisher":{"@id":"https:\/\/noticiasmercedinas.com\/site\/#organization"},"potentialAction":[{"@type":"SearchAction","target":{"@type":"EntryPoint","urlTemplate":"https:\/\/noticiasmercedinas.com\/site\/?s={search_term_string}"},"query-input":{"@type":"PropertyValueSpecification","valueRequired":true,"valueName":"search_term_string"}}],"inLanguage":"es"},{"@type":"Organization","@id":"https:\/\/noticiasmercedinas.com\/site\/#organization","name":"NOTICIASMERCEDINAS.COM","url":"https:\/\/noticiasmercedinas.com\/site\/","logo":{"@type":"ImageObject","inLanguage":"es","@id":"https:\/\/noticiasmercedinas.com\/site\/#\/schema\/logo\/image\/","url":"https:\/\/noticiasmercedinas.com\/site\/wp-content\/uploads\/2020\/06\/LOGO-512.jpg","contentUrl":"https:\/\/noticiasmercedinas.com\/site\/wp-content\/uploads\/2020\/06\/LOGO-512.jpg","width":512,"height":512,"caption":"NOTICIASMERCEDINAS.COM"},"image":{"@id":"https:\/\/noticiasmercedinas.com\/site\/#\/schema\/logo\/image\/"},"sameAs":["https:\/\/www.facebook.com\/noticiasmercedinas\/","https:\/\/x.com\/notmercedinas","https:\/\/www.instagram.com\/noticiasmercedinas\/"]},{"@type":"Person","@id":"https:\/\/noticiasmercedinas.com\/site\/#\/schema\/person\/84b59c099c28ff2e8b77d4ceec5d8063","name":"NOTICIASMERCEDINAS.COM","image":{"@type":"ImageObject","inLanguage":"es","@id":"https:\/\/secure.gravatar.com\/avatar\/4dfbf16b4d17945bfb6341b2d19043457132fcf478a5ee04f42e959fd8f5df0a?s=96&d=mm&r=g","url":"https:\/\/secure.gravatar.com\/avatar\/4dfbf16b4d17945bfb6341b2d19043457132fcf478a5ee04f42e959fd8f5df0a?s=96&d=mm&r=g","contentUrl":"https:\/\/secure.gravatar.com\/avatar\/4dfbf16b4d17945bfb6341b2d19043457132fcf478a5ee04f42e959fd8f5df0a?s=96&d=mm&r=g","caption":"NOTICIASMERCEDINAS.COM"},"url":"https:\/\/noticiasmercedinas.com\/site\/author\/anonimo\/"}]}},"amp_enabled":true,"_links":{"self":[{"href":"https:\/\/noticiasmercedinas.com\/site\/wp-json\/wp\/v2\/posts\/99117","targetHints":{"allow":["GET"]}}],"collection":[{"href":"https:\/\/noticiasmercedinas.com\/site\/wp-json\/wp\/v2\/posts"}],"about":[{"href":"https:\/\/noticiasmercedinas.com\/site\/wp-json\/wp\/v2\/types\/post"}],"author":[{"embeddable":true,"href":"https:\/\/noticiasmercedinas.com\/site\/wp-json\/wp\/v2\/users\/16"}],"replies":[{"embeddable":true,"href":"https:\/\/noticiasmercedinas.com\/site\/wp-json\/wp\/v2\/comments?post=99117"}],"version-history":[{"count":1,"href":"https:\/\/noticiasmercedinas.com\/site\/wp-json\/wp\/v2\/posts\/99117\/revisions"}],"predecessor-version":[{"id":99119,"href":"https:\/\/noticiasmercedinas.com\/site\/wp-json\/wp\/v2\/posts\/99117\/revisions\/99119"}],"wp:featuredmedia":[{"embeddable":true,"href":"https:\/\/noticiasmercedinas.com\/site\/wp-json\/wp\/v2\/media\/99118"}],"wp:attachment":[{"href":"https:\/\/noticiasmercedinas.com\/site\/wp-json\/wp\/v2\/media?parent=99117"}],"wp:term":[{"taxonomy":"category","embeddable":true,"href":"https:\/\/noticiasmercedinas.com\/site\/wp-json\/wp\/v2\/categories?post=99117"},{"taxonomy":"post_tag","embeddable":true,"href":"https:\/\/noticiasmercedinas.com\/site\/wp-json\/wp\/v2\/tags?post=99117"}],"curies":[{"name":"wp","href":"https:\/\/api.w.org\/{rel}","templated":true}]}}