{"id":99367,"date":"2022-09-12T10:03:08","date_gmt":"2022-09-12T13:03:08","guid":{"rendered":"https:\/\/noticiasmercedinas.com\/site\/?p=99367"},"modified":"2022-09-12T10:06:09","modified_gmt":"2022-09-12T13:06:09","slug":"por-inseguridad-y-otros-temas-consejeros-escolares-se-reunieron-con-intendente-ustarroz","status":"publish","type":"post","link":"https:\/\/noticiasmercedinas.com\/site\/2022\/09\/12\/por-inseguridad-y-otros-temas-consejeros-escolares-se-reunieron-con-intendente-ustarroz\/","title":{"rendered":"Por inseguridad y otros temas, consejeros escolares se reunieron con intendente Ustarroz"},"content":{"rendered":"<p><img loading=\"lazy\" decoding=\"async\" class=\"alignnone size-full wp-image-99368\" src=\"https:\/\/noticiasmercedinas.com\/site\/wp-content\/uploads\/2022\/09\/CEJ.jpg\" alt=\"\" width=\"640\" height=\"460\" srcset=\"https:\/\/noticiasmercedinas.com\/site\/wp-content\/uploads\/2022\/09\/CEJ.jpg 640w, https:\/\/noticiasmercedinas.com\/site\/wp-content\/uploads\/2022\/09\/CEJ-300x216.jpg 300w\" sizes=\"auto, (max-width: 640px) 100vw, 640px\" \/><\/p>\n<p>Tras una reuni\u00f3n de consejeros escolares de Juntos y el Frente de Todos con el Intendente <strong>Juan Ustarroz<\/strong>, en su despacho, <strong>Daniel Ivaldis<\/strong> resalt\u00f3 que pudieron poner sobre la mesa la problem\u00e1tica de la inseguridad en las Escuelas del Distrito. \u201cEste tema lo hab\u00edamos planteado en el seno del Consejo Escolar sin haber tenido acompa\u00f1amiento\u201d, dijo.<\/p>\n<p>\u201cPudimos poner sobre la mesa los innumerables robos y vandalismo que vienen sufriendo los establecimientos educativos en estos \u00faltimos tiempos, y hemos logrado avanzar en un plan que contemple en una primera etapa la colocaci\u00f3n de alarmas y sistemas de c\u00e1maras en cinco establecimientos educativos y continuar con otros, sumando mayor seguridad y acompa\u00f1ando su vulnerabilidad lo antes posible\u201d, destac\u00f3 Ivaldis.<\/p>\n<p>Por otro lado, marc\u00f3 que se logr\u00f3 \u201cdestrabar y comenzar a proyectar\u201d una obra muy importante para la Escuela de Arte que consta del arreglo de techos, salida de emergencia y un ba\u00f1o para personas con discapacidad o movilidad reducida. Como tambi\u00e9n as\u00ed cubrir necesidades de infraestructura en jardines de infantes y escuelas secundarias.<\/p>\n<blockquote><p>\u201cLa formaci\u00f3n profunda en Ciudadan\u00eda suele ser el mejor ant\u00eddoto para combatir esas conductas impropias de aquellos que quieren que la escuela pierda el foco y pase a ense\u00f1ar qu\u00e9 pensar en vez de ense\u00f1ar a pensar\u201d<\/p><\/blockquote>\n<p>\u201cAprovechamos para dejar planteado el expreso rechazo a pr\u00e1cticas de adoctrinamiento pol\u00edtico por parte del gobierno de la provincia de Buenos Aires, entendiendo que atenta contra los intereses de los y las estudiantes en la necesidad de generar un esp\u00edritu libre, reflexivo y aut\u00f3nomo\u201d, agreg\u00f3 Ivaldis y remarc\u00f3 que desde Juntos consideran que \u201cla formaci\u00f3n profunda en Ciudadan\u00eda suele ser el mejor ant\u00eddoto para combatir esas conductas impropias de aquellos que quieren que la escuela pierda el foco y pase a ense\u00f1ar qu\u00e9 pensar en vez de ense\u00f1ar a pensar\u201d.<\/p>\n<p>\u201cExpresamos adem\u00e1s nuestra solidaridad con los\/las docentes municipales por los bajos salarios que perciben (muy por debajo de la l\u00ednea de la pobreza) y queremos ver de qu\u00e9 manera el Ejecutivo va a dar respuesta a esta dif\u00edcil situaci\u00f3n que atraviesa el conjunto de los trabajadores del municipio. Desde nuestro espacio trabajamos y seguiremos trabajando para que la Escuela sea un instrumento de desarrollo personal para todos. Es nuestra obligaci\u00f3n y en ese camino estamos\u201d, complet\u00f3 Daniel Ivaldis, consejero escolar de Juntos<\/p>\n","protected":false},"excerpt":{"rendered":"<p>\u25a0 \u00abPudimos poner sobre la mesa los innumerables robos y vandalismo que vienen sufriendo los establecimientos educativos\u00bb, destac\u00f3 Ivaldis, de Juntos. Tambi\u00e9n se manifestaron en contra de \u00abadoctrinamiento\u00bb<\/p>\n","protected":false},"author":16,"featured_media":99368,"comment_status":"open","ping_status":"open","sticky":false,"template":"","format":"standard","meta":{"footnotes":""},"categories":[16],"tags":[267,5431,38,1077,12447],"class_list":["post-99367","post","type-post","status-publish","format-standard","has-post-thumbnail","hentry","category-politica","tag-consejo-escolar","tag-daniel-ivaldis","tag-educacion","tag-juan-ustarroz","tag-juntos"],"yoast_head":"<!-- This site is optimized with the Yoast SEO plugin v27.5 - https:\/\/yoast.com\/product\/yoast-seo-wordpress\/ -->\n<title>Por inseguridad y otros temas, consejeros escolares se reunieron con intendente Ustarroz<\/title>\n<meta name=\"robots\" content=\"index, follow, max-snippet:-1, max-image-preview:large, max-video-preview:-1\" \/>\n<link rel=\"canonical\" href=\"https:\/\/noticiasmercedinas.com\/site\/2022\/09\/12\/por-inseguridad-y-otros-temas-consejeros-escolares-se-reunieron-con-intendente-ustarroz\/\" \/>\n<meta property=\"og:locale\" content=\"es_ES\" \/>\n<meta property=\"og:type\" content=\"article\" \/>\n<meta property=\"og:title\" content=\"Por inseguridad y otros temas, consejeros escolares se reunieron con intendente Ustarroz\" \/>\n<meta property=\"og:description\" content=\"\u25a0 &quot;Pudimos poner sobre la mesa los innumerables robos y vandalismo que vienen sufriendo los establecimientos educativos&quot;, destac\u00f3 Ivaldis, de Juntos. Tambi\u00e9n se manifestaron en contra de &quot;adoctrinamiento&quot;\" \/>\n<meta property=\"og:url\" content=\"https:\/\/noticiasmercedinas.com\/site\/2022\/09\/12\/por-inseguridad-y-otros-temas-consejeros-escolares-se-reunieron-con-intendente-ustarroz\/\" \/>\n<meta property=\"og:site_name\" content=\"NOTICIASMERCEDINAS.COM\" \/>\n<meta property=\"article:publisher\" content=\"https:\/\/www.facebook.com\/noticiasmercedinas\/\" \/>\n<meta property=\"article:published_time\" content=\"2022-09-12T13:03:08+00:00\" \/>\n<meta property=\"article:modified_time\" content=\"2022-09-12T13:06:09+00:00\" \/>\n<meta property=\"og:image\" content=\"https:\/\/noticiasmercedinas.com\/site\/wp-content\/uploads\/2022\/09\/CEJ.jpg\" \/>\n\t<meta property=\"og:image:width\" content=\"640\" \/>\n\t<meta property=\"og:image:height\" content=\"460\" \/>\n\t<meta property=\"og:image:type\" content=\"image\/jpeg\" \/>\n<meta name=\"author\" content=\"NOTICIASMERCEDINAS.COM\" \/>\n<meta name=\"twitter:card\" content=\"summary_large_image\" \/>\n<meta name=\"twitter:creator\" content=\"@notmercedinas\" \/>\n<meta name=\"twitter:site\" content=\"@notmercedinas\" \/>\n<meta name=\"twitter:label1\" content=\"Escrito por\" \/>\n\t<meta name=\"twitter:data1\" content=\"NOTICIASMERCEDINAS.COM\" \/>\n\t<meta name=\"twitter:label2\" content=\"Tiempo de lectura\" \/>\n\t<meta name=\"twitter:data2\" content=\"2 minutos\" \/>\n<script type=\"application\/ld+json\" class=\"yoast-schema-graph\">{\"@context\":\"https:\\\/\\\/schema.org\",\"@graph\":[{\"@type\":\"Article\",\"@id\":\"https:\\\/\\\/noticiasmercedinas.com\\\/site\\\/2022\\\/09\\\/12\\\/por-inseguridad-y-otros-temas-consejeros-escolares-se-reunieron-con-intendente-ustarroz\\\/#article\",\"isPartOf\":{\"@id\":\"https:\\\/\\\/noticiasmercedinas.com\\\/site\\\/2022\\\/09\\\/12\\\/por-inseguridad-y-otros-temas-consejeros-escolares-se-reunieron-con-intendente-ustarroz\\\/\"},\"author\":{\"name\":\"NOTICIASMERCEDINAS.COM\",\"@id\":\"https:\\\/\\\/noticiasmercedinas.com\\\/site\\\/#\\\/schema\\\/person\\\/84b59c099c28ff2e8b77d4ceec5d8063\"},\"headline\":\"Por inseguridad y otros temas, consejeros escolares se reunieron con intendente Ustarroz\",\"datePublished\":\"2022-09-12T13:03:08+00:00\",\"dateModified\":\"2022-09-12T13:06:09+00:00\",\"mainEntityOfPage\":{\"@id\":\"https:\\\/\\\/noticiasmercedinas.com\\\/site\\\/2022\\\/09\\\/12\\\/por-inseguridad-y-otros-temas-consejeros-escolares-se-reunieron-con-intendente-ustarroz\\\/\"},\"wordCount\":421,\"commentCount\":0,\"publisher\":{\"@id\":\"https:\\\/\\\/noticiasmercedinas.com\\\/site\\\/#organization\"},\"image\":{\"@id\":\"https:\\\/\\\/noticiasmercedinas.com\\\/site\\\/2022\\\/09\\\/12\\\/por-inseguridad-y-otros-temas-consejeros-escolares-se-reunieron-con-intendente-ustarroz\\\/#primaryimage\"},\"thumbnailUrl\":\"https:\\\/\\\/noticiasmercedinas.com\\\/site\\\/wp-content\\\/uploads\\\/2022\\\/09\\\/CEJ.jpg\",\"keywords\":[\"consejo escolar\",\"Daniel Ivaldis\",\"educacion\",\"Juan Ustarroz\",\"Juntos\"],\"articleSection\":[\"Politica\"],\"inLanguage\":\"es\",\"potentialAction\":[{\"@type\":\"CommentAction\",\"name\":\"Comment\",\"target\":[\"https:\\\/\\\/noticiasmercedinas.com\\\/site\\\/2022\\\/09\\\/12\\\/por-inseguridad-y-otros-temas-consejeros-escolares-se-reunieron-con-intendente-ustarroz\\\/#respond\"]}]},{\"@type\":\"WebPage\",\"@id\":\"https:\\\/\\\/noticiasmercedinas.com\\\/site\\\/2022\\\/09\\\/12\\\/por-inseguridad-y-otros-temas-consejeros-escolares-se-reunieron-con-intendente-ustarroz\\\/\",\"url\":\"https:\\\/\\\/noticiasmercedinas.com\\\/site\\\/2022\\\/09\\\/12\\\/por-inseguridad-y-otros-temas-consejeros-escolares-se-reunieron-con-intendente-ustarroz\\\/\",\"name\":\"Por inseguridad y otros temas, consejeros escolares se reunieron con intendente Ustarroz\",\"isPartOf\":{\"@id\":\"https:\\\/\\\/noticiasmercedinas.com\\\/site\\\/#website\"},\"primaryImageOfPage\":{\"@id\":\"https:\\\/\\\/noticiasmercedinas.com\\\/site\\\/2022\\\/09\\\/12\\\/por-inseguridad-y-otros-temas-consejeros-escolares-se-reunieron-con-intendente-ustarroz\\\/#primaryimage\"},\"image\":{\"@id\":\"https:\\\/\\\/noticiasmercedinas.com\\\/site\\\/2022\\\/09\\\/12\\\/por-inseguridad-y-otros-temas-consejeros-escolares-se-reunieron-con-intendente-ustarroz\\\/#primaryimage\"},\"thumbnailUrl\":\"https:\\\/\\\/noticiasmercedinas.com\\\/site\\\/wp-content\\\/uploads\\\/2022\\\/09\\\/CEJ.jpg\",\"datePublished\":\"2022-09-12T13:03:08+00:00\",\"dateModified\":\"2022-09-12T13:06:09+00:00\",\"breadcrumb\":{\"@id\":\"https:\\\/\\\/noticiasmercedinas.com\\\/site\\\/2022\\\/09\\\/12\\\/por-inseguridad-y-otros-temas-consejeros-escolares-se-reunieron-con-intendente-ustarroz\\\/#breadcrumb\"},\"inLanguage\":\"es\",\"potentialAction\":[{\"@type\":\"ReadAction\",\"target\":[\"https:\\\/\\\/noticiasmercedinas.com\\\/site\\\/2022\\\/09\\\/12\\\/por-inseguridad-y-otros-temas-consejeros-escolares-se-reunieron-con-intendente-ustarroz\\\/\"]}]},{\"@type\":\"ImageObject\",\"inLanguage\":\"es\",\"@id\":\"https:\\\/\\\/noticiasmercedinas.com\\\/site\\\/2022\\\/09\\\/12\\\/por-inseguridad-y-otros-temas-consejeros-escolares-se-reunieron-con-intendente-ustarroz\\\/#primaryimage\",\"url\":\"https:\\\/\\\/noticiasmercedinas.com\\\/site\\\/wp-content\\\/uploads\\\/2022\\\/09\\\/CEJ.jpg\",\"contentUrl\":\"https:\\\/\\\/noticiasmercedinas.com\\\/site\\\/wp-content\\\/uploads\\\/2022\\\/09\\\/CEJ.jpg\",\"width\":640,\"height\":460},{\"@type\":\"BreadcrumbList\",\"@id\":\"https:\\\/\\\/noticiasmercedinas.com\\\/site\\\/2022\\\/09\\\/12\\\/por-inseguridad-y-otros-temas-consejeros-escolares-se-reunieron-con-intendente-ustarroz\\\/#breadcrumb\",\"itemListElement\":[{\"@type\":\"ListItem\",\"position\":1,\"name\":\"Portada\",\"item\":\"https:\\\/\\\/noticiasmercedinas.com\\\/site\\\/\"},{\"@type\":\"ListItem\",\"position\":2,\"name\":\"Por inseguridad y otros temas, consejeros escolares se reunieron con intendente Ustarroz\"}]},{\"@type\":\"WebSite\",\"@id\":\"https:\\\/\\\/noticiasmercedinas.com\\\/site\\\/#website\",\"url\":\"https:\\\/\\\/noticiasmercedinas.com\\\/site\\\/\",\"name\":\"NOTICIASMERCEDINAS.COM\",\"description\":\"Mercedes, Buenos Aires, Argentina\",\"publisher\":{\"@id\":\"https:\\\/\\\/noticiasmercedinas.com\\\/site\\\/#organization\"},\"potentialAction\":[{\"@type\":\"SearchAction\",\"target\":{\"@type\":\"EntryPoint\",\"urlTemplate\":\"https:\\\/\\\/noticiasmercedinas.com\\\/site\\\/?s={search_term_string}\"},\"query-input\":{\"@type\":\"PropertyValueSpecification\",\"valueRequired\":true,\"valueName\":\"search_term_string\"}}],\"inLanguage\":\"es\"},{\"@type\":\"Organization\",\"@id\":\"https:\\\/\\\/noticiasmercedinas.com\\\/site\\\/#organization\",\"name\":\"NOTICIASMERCEDINAS.COM\",\"url\":\"https:\\\/\\\/noticiasmercedinas.com\\\/site\\\/\",\"logo\":{\"@type\":\"ImageObject\",\"inLanguage\":\"es\",\"@id\":\"https:\\\/\\\/noticiasmercedinas.com\\\/site\\\/#\\\/schema\\\/logo\\\/image\\\/\",\"url\":\"https:\\\/\\\/noticiasmercedinas.com\\\/site\\\/wp-content\\\/uploads\\\/2020\\\/06\\\/LOGO-512.jpg\",\"contentUrl\":\"https:\\\/\\\/noticiasmercedinas.com\\\/site\\\/wp-content\\\/uploads\\\/2020\\\/06\\\/LOGO-512.jpg\",\"width\":512,\"height\":512,\"caption\":\"NOTICIASMERCEDINAS.COM\"},\"image\":{\"@id\":\"https:\\\/\\\/noticiasmercedinas.com\\\/site\\\/#\\\/schema\\\/logo\\\/image\\\/\"},\"sameAs\":[\"https:\\\/\\\/www.facebook.com\\\/noticiasmercedinas\\\/\",\"https:\\\/\\\/x.com\\\/notmercedinas\",\"https:\\\/\\\/www.instagram.com\\\/noticiasmercedinas\\\/\"]},{\"@type\":\"Person\",\"@id\":\"https:\\\/\\\/noticiasmercedinas.com\\\/site\\\/#\\\/schema\\\/person\\\/84b59c099c28ff2e8b77d4ceec5d8063\",\"name\":\"NOTICIASMERCEDINAS.COM\",\"image\":{\"@type\":\"ImageObject\",\"inLanguage\":\"es\",\"@id\":\"https:\\\/\\\/secure.gravatar.com\\\/avatar\\\/4dfbf16b4d17945bfb6341b2d19043457132fcf478a5ee04f42e959fd8f5df0a?s=96&d=mm&r=g\",\"url\":\"https:\\\/\\\/secure.gravatar.com\\\/avatar\\\/4dfbf16b4d17945bfb6341b2d19043457132fcf478a5ee04f42e959fd8f5df0a?s=96&d=mm&r=g\",\"contentUrl\":\"https:\\\/\\\/secure.gravatar.com\\\/avatar\\\/4dfbf16b4d17945bfb6341b2d19043457132fcf478a5ee04f42e959fd8f5df0a?s=96&d=mm&r=g\",\"caption\":\"NOTICIASMERCEDINAS.COM\"},\"url\":\"https:\\\/\\\/noticiasmercedinas.com\\\/site\\\/author\\\/anonimo\\\/\"}]}<\/script>\n<!-- \/ Yoast SEO plugin. -->","yoast_head_json":{"title":"Por inseguridad y otros temas, consejeros escolares se reunieron con intendente Ustarroz","robots":{"index":"index","follow":"follow","max-snippet":"max-snippet:-1","max-image-preview":"max-image-preview:large","max-video-preview":"max-video-preview:-1"},"canonical":"https:\/\/noticiasmercedinas.com\/site\/2022\/09\/12\/por-inseguridad-y-otros-temas-consejeros-escolares-se-reunieron-con-intendente-ustarroz\/","og_locale":"es_ES","og_type":"article","og_title":"Por inseguridad y otros temas, consejeros escolares se reunieron con intendente Ustarroz","og_description":"\u25a0 \"Pudimos poner sobre la mesa los innumerables robos y vandalismo que vienen sufriendo los establecimientos educativos\", destac\u00f3 Ivaldis, de Juntos. Tambi\u00e9n se manifestaron en contra de \"adoctrinamiento\"","og_url":"https:\/\/noticiasmercedinas.com\/site\/2022\/09\/12\/por-inseguridad-y-otros-temas-consejeros-escolares-se-reunieron-con-intendente-ustarroz\/","og_site_name":"NOTICIASMERCEDINAS.COM","article_publisher":"https:\/\/www.facebook.com\/noticiasmercedinas\/","article_published_time":"2022-09-12T13:03:08+00:00","article_modified_time":"2022-09-12T13:06:09+00:00","og_image":[{"width":640,"height":460,"url":"https:\/\/noticiasmercedinas.com\/site\/wp-content\/uploads\/2022\/09\/CEJ.jpg","type":"image\/jpeg"}],"author":"NOTICIASMERCEDINAS.COM","twitter_card":"summary_large_image","twitter_creator":"@notmercedinas","twitter_site":"@notmercedinas","twitter_misc":{"Escrito por":"NOTICIASMERCEDINAS.COM","Tiempo de lectura":"2 minutos"},"schema":{"@context":"https:\/\/schema.org","@graph":[{"@type":"Article","@id":"https:\/\/noticiasmercedinas.com\/site\/2022\/09\/12\/por-inseguridad-y-otros-temas-consejeros-escolares-se-reunieron-con-intendente-ustarroz\/#article","isPartOf":{"@id":"https:\/\/noticiasmercedinas.com\/site\/2022\/09\/12\/por-inseguridad-y-otros-temas-consejeros-escolares-se-reunieron-con-intendente-ustarroz\/"},"author":{"name":"NOTICIASMERCEDINAS.COM","@id":"https:\/\/noticiasmercedinas.com\/site\/#\/schema\/person\/84b59c099c28ff2e8b77d4ceec5d8063"},"headline":"Por inseguridad y otros temas, consejeros escolares se reunieron con intendente Ustarroz","datePublished":"2022-09-12T13:03:08+00:00","dateModified":"2022-09-12T13:06:09+00:00","mainEntityOfPage":{"@id":"https:\/\/noticiasmercedinas.com\/site\/2022\/09\/12\/por-inseguridad-y-otros-temas-consejeros-escolares-se-reunieron-con-intendente-ustarroz\/"},"wordCount":421,"commentCount":0,"publisher":{"@id":"https:\/\/noticiasmercedinas.com\/site\/#organization"},"image":{"@id":"https:\/\/noticiasmercedinas.com\/site\/2022\/09\/12\/por-inseguridad-y-otros-temas-consejeros-escolares-se-reunieron-con-intendente-ustarroz\/#primaryimage"},"thumbnailUrl":"https:\/\/noticiasmercedinas.com\/site\/wp-content\/uploads\/2022\/09\/CEJ.jpg","keywords":["consejo escolar","Daniel Ivaldis","educacion","Juan Ustarroz","Juntos"],"articleSection":["Politica"],"inLanguage":"es","potentialAction":[{"@type":"CommentAction","name":"Comment","target":["https:\/\/noticiasmercedinas.com\/site\/2022\/09\/12\/por-inseguridad-y-otros-temas-consejeros-escolares-se-reunieron-con-intendente-ustarroz\/#respond"]}]},{"@type":"WebPage","@id":"https:\/\/noticiasmercedinas.com\/site\/2022\/09\/12\/por-inseguridad-y-otros-temas-consejeros-escolares-se-reunieron-con-intendente-ustarroz\/","url":"https:\/\/noticiasmercedinas.com\/site\/2022\/09\/12\/por-inseguridad-y-otros-temas-consejeros-escolares-se-reunieron-con-intendente-ustarroz\/","name":"Por inseguridad y otros temas, consejeros escolares se reunieron con intendente Ustarroz","isPartOf":{"@id":"https:\/\/noticiasmercedinas.com\/site\/#website"},"primaryImageOfPage":{"@id":"https:\/\/noticiasmercedinas.com\/site\/2022\/09\/12\/por-inseguridad-y-otros-temas-consejeros-escolares-se-reunieron-con-intendente-ustarroz\/#primaryimage"},"image":{"@id":"https:\/\/noticiasmercedinas.com\/site\/2022\/09\/12\/por-inseguridad-y-otros-temas-consejeros-escolares-se-reunieron-con-intendente-ustarroz\/#primaryimage"},"thumbnailUrl":"https:\/\/noticiasmercedinas.com\/site\/wp-content\/uploads\/2022\/09\/CEJ.jpg","datePublished":"2022-09-12T13:03:08+00:00","dateModified":"2022-09-12T13:06:09+00:00","breadcrumb":{"@id":"https:\/\/noticiasmercedinas.com\/site\/2022\/09\/12\/por-inseguridad-y-otros-temas-consejeros-escolares-se-reunieron-con-intendente-ustarroz\/#breadcrumb"},"inLanguage":"es","potentialAction":[{"@type":"ReadAction","target":["https:\/\/noticiasmercedinas.com\/site\/2022\/09\/12\/por-inseguridad-y-otros-temas-consejeros-escolares-se-reunieron-con-intendente-ustarroz\/"]}]},{"@type":"ImageObject","inLanguage":"es","@id":"https:\/\/noticiasmercedinas.com\/site\/2022\/09\/12\/por-inseguridad-y-otros-temas-consejeros-escolares-se-reunieron-con-intendente-ustarroz\/#primaryimage","url":"https:\/\/noticiasmercedinas.com\/site\/wp-content\/uploads\/2022\/09\/CEJ.jpg","contentUrl":"https:\/\/noticiasmercedinas.com\/site\/wp-content\/uploads\/2022\/09\/CEJ.jpg","width":640,"height":460},{"@type":"BreadcrumbList","@id":"https:\/\/noticiasmercedinas.com\/site\/2022\/09\/12\/por-inseguridad-y-otros-temas-consejeros-escolares-se-reunieron-con-intendente-ustarroz\/#breadcrumb","itemListElement":[{"@type":"ListItem","position":1,"name":"Portada","item":"https:\/\/noticiasmercedinas.com\/site\/"},{"@type":"ListItem","position":2,"name":"Por inseguridad y otros temas, consejeros escolares se reunieron con intendente Ustarroz"}]},{"@type":"WebSite","@id":"https:\/\/noticiasmercedinas.com\/site\/#website","url":"https:\/\/noticiasmercedinas.com\/site\/","name":"NOTICIASMERCEDINAS.COM","description":"Mercedes, Buenos Aires, Argentina","publisher":{"@id":"https:\/\/noticiasmercedinas.com\/site\/#organization"},"potentialAction":[{"@type":"SearchAction","target":{"@type":"EntryPoint","urlTemplate":"https:\/\/noticiasmercedinas.com\/site\/?s={search_term_string}"},"query-input":{"@type":"PropertyValueSpecification","valueRequired":true,"valueName":"search_term_string"}}],"inLanguage":"es"},{"@type":"Organization","@id":"https:\/\/noticiasmercedinas.com\/site\/#organization","name":"NOTICIASMERCEDINAS.COM","url":"https:\/\/noticiasmercedinas.com\/site\/","logo":{"@type":"ImageObject","inLanguage":"es","@id":"https:\/\/noticiasmercedinas.com\/site\/#\/schema\/logo\/image\/","url":"https:\/\/noticiasmercedinas.com\/site\/wp-content\/uploads\/2020\/06\/LOGO-512.jpg","contentUrl":"https:\/\/noticiasmercedinas.com\/site\/wp-content\/uploads\/2020\/06\/LOGO-512.jpg","width":512,"height":512,"caption":"NOTICIASMERCEDINAS.COM"},"image":{"@id":"https:\/\/noticiasmercedinas.com\/site\/#\/schema\/logo\/image\/"},"sameAs":["https:\/\/www.facebook.com\/noticiasmercedinas\/","https:\/\/x.com\/notmercedinas","https:\/\/www.instagram.com\/noticiasmercedinas\/"]},{"@type":"Person","@id":"https:\/\/noticiasmercedinas.com\/site\/#\/schema\/person\/84b59c099c28ff2e8b77d4ceec5d8063","name":"NOTICIASMERCEDINAS.COM","image":{"@type":"ImageObject","inLanguage":"es","@id":"https:\/\/secure.gravatar.com\/avatar\/4dfbf16b4d17945bfb6341b2d19043457132fcf478a5ee04f42e959fd8f5df0a?s=96&d=mm&r=g","url":"https:\/\/secure.gravatar.com\/avatar\/4dfbf16b4d17945bfb6341b2d19043457132fcf478a5ee04f42e959fd8f5df0a?s=96&d=mm&r=g","contentUrl":"https:\/\/secure.gravatar.com\/avatar\/4dfbf16b4d17945bfb6341b2d19043457132fcf478a5ee04f42e959fd8f5df0a?s=96&d=mm&r=g","caption":"NOTICIASMERCEDINAS.COM"},"url":"https:\/\/noticiasmercedinas.com\/site\/author\/anonimo\/"}]}},"amp_enabled":true,"_links":{"self":[{"href":"https:\/\/noticiasmercedinas.com\/site\/wp-json\/wp\/v2\/posts\/99367","targetHints":{"allow":["GET"]}}],"collection":[{"href":"https:\/\/noticiasmercedinas.com\/site\/wp-json\/wp\/v2\/posts"}],"about":[{"href":"https:\/\/noticiasmercedinas.com\/site\/wp-json\/wp\/v2\/types\/post"}],"author":[{"embeddable":true,"href":"https:\/\/noticiasmercedinas.com\/site\/wp-json\/wp\/v2\/users\/16"}],"replies":[{"embeddable":true,"href":"https:\/\/noticiasmercedinas.com\/site\/wp-json\/wp\/v2\/comments?post=99367"}],"version-history":[{"count":3,"href":"https:\/\/noticiasmercedinas.com\/site\/wp-json\/wp\/v2\/posts\/99367\/revisions"}],"predecessor-version":[{"id":99373,"href":"https:\/\/noticiasmercedinas.com\/site\/wp-json\/wp\/v2\/posts\/99367\/revisions\/99373"}],"wp:featuredmedia":[{"embeddable":true,"href":"https:\/\/noticiasmercedinas.com\/site\/wp-json\/wp\/v2\/media\/99368"}],"wp:attachment":[{"href":"https:\/\/noticiasmercedinas.com\/site\/wp-json\/wp\/v2\/media?parent=99367"}],"wp:term":[{"taxonomy":"category","embeddable":true,"href":"https:\/\/noticiasmercedinas.com\/site\/wp-json\/wp\/v2\/categories?post=99367"},{"taxonomy":"post_tag","embeddable":true,"href":"https:\/\/noticiasmercedinas.com\/site\/wp-json\/wp\/v2\/tags?post=99367"}],"curies":[{"name":"wp","href":"https:\/\/api.w.org\/{rel}","templated":true}]}}