{"id":99459,"date":"2022-09-13T13:46:37","date_gmt":"2022-09-13T16:46:37","guid":{"rendered":"https:\/\/noticiasmercedinas.com\/site\/?p=99459"},"modified":"2022-09-13T14:00:05","modified_gmt":"2022-09-13T17:00:05","slug":"el-tempano-presento-nuevo-tema-y-video","status":"publish","type":"post","link":"https:\/\/noticiasmercedinas.com\/site\/2022\/09\/13\/el-tempano-presento-nuevo-tema-y-video\/","title":{"rendered":"El T\u00e9mpano present\u00f3 nuevo tema y video"},"content":{"rendered":"<p><img loading=\"lazy\" decoding=\"async\" class=\"alignnone size-full wp-image-99461\" src=\"https:\/\/noticiasmercedinas.com\/site\/wp-content\/uploads\/2022\/09\/El_Tempano_backstage_espora-2.jpeg\" alt=\"\" width=\"640\" height=\"500\" srcset=\"https:\/\/noticiasmercedinas.com\/site\/wp-content\/uploads\/2022\/09\/El_Tempano_backstage_espora-2.jpeg 640w, https:\/\/noticiasmercedinas.com\/site\/wp-content\/uploads\/2022\/09\/El_Tempano_backstage_espora-2-300x234.jpeg 300w, https:\/\/noticiasmercedinas.com\/site\/wp-content\/uploads\/2022\/09\/El_Tempano_backstage_espora-2-511x400.jpeg 511w\" sizes=\"auto, (max-width: 640px) 100vw, 640px\" \/><\/p>\n<p>Desde hace pocos d\u00edas, la banda local \u201cEl T\u00e9mpano\u201d present\u00f3 una nueva versi\u00f3n del tema \u00abSue\u00f1os Raros\u00bb y anunci\u00f3 la difusi\u00f3n del video en todas las plataformas digitales.<\/p>\n<p>Entrevistado por <em>Noticias Mercedinas<\/em>, <strong>Felipe L\u00f3pez<\/strong> guitarrista del grupo, cont\u00f3 que \u201cel tema sufri\u00f3 varios cambios desde el 2019 cuando empezamos a tocar y ahora estamos presentando esta nueva versi\u00f3n junto con el video, que esperamos que les guste\u201d.<\/p>\n<p><iframe loading=\"lazy\" title=\"El Te\u0301mpano - Suen\u0303os Raros\" width=\"640\" height=\"360\" src=\"https:\/\/www.youtube.com\/embed\/kzb7wdVWs2s?feature=oembed\" frameborder=\"0\" allow=\"accelerometer; autoplay; clipboard-write; encrypted-media; gyroscope; picture-in-picture; web-share\" referrerpolicy=\"strict-origin-when-cross-origin\" allowfullscreen><\/iframe><\/p>\n<p>\u201cEl video viene a complementar la letra\u201d, remarc\u00f3 y explic\u00f3 que \u201chace referencias visuales a la canci\u00f3n y tambi\u00e9n de met\u00e1foras de las que habla la canci\u00f3n\u201d.<\/p>\n<p>\u201cMisterio e incertidumbre son las palabras claves, el personaje que est\u00e1 en la oficina y se empieza a ofuscar, de repente no queda claro si es un sue\u00f1o o la realidad\u201d, expres\u00f3 el m\u00fasico.<\/p>\n<p><img loading=\"lazy\" decoding=\"async\" class=\"alignnone size-full wp-image-99460\" src=\"https:\/\/noticiasmercedinas.com\/site\/wp-content\/uploads\/2022\/09\/El_Tempano_backstage_espora.jpeg\" alt=\"\" width=\"640\" height=\"500\" srcset=\"https:\/\/noticiasmercedinas.com\/site\/wp-content\/uploads\/2022\/09\/El_Tempano_backstage_espora.jpeg 640w, https:\/\/noticiasmercedinas.com\/site\/wp-content\/uploads\/2022\/09\/El_Tempano_backstage_espora-300x234.jpeg 300w, https:\/\/noticiasmercedinas.com\/site\/wp-content\/uploads\/2022\/09\/El_Tempano_backstage_espora-511x400.jpeg 511w\" sizes=\"auto, (max-width: 640px) 100vw, 640px\" \/><\/p>\n<blockquote><p>Gran parte del video fue filmado en el Almac\u00e9n de Espora<\/p><\/blockquote>\n<p>Adem\u00e1s, cont\u00f3 que los exteriores y la \u00faltima parte del video en el s\u00f3tano fueron filmados en el Almac\u00e9n de Espora y la oficina en Madreselva a quienes les agradecieron el excelente recibimiento.<\/p>\n<p>\u00abSue\u00f1os Raros\u00bb ya se encuentra disponible en todas las plataformas digitales a trav\u00e9s de <a href=\"https:\/\/linktr.ee\/eltempano\">https:\/\/linktr.ee\/eltempano<\/a>. La realizaci\u00f3n estuvo bajo la direcci\u00f3n y edici\u00f3n de Agust\u00edn Lapenta, la c\u00e1mara de \u00c1lvaro Montenegro, la actuaci\u00f3n de todos los miembros de la banda Joaqu\u00edn Fioretti, Felipe L\u00f3pez, El\u00edas Villalba y Agust\u00edn Lapenta; y la grabaci\u00f3n y mezcla de Marcos Porcar y Estudio Equilibrio.<\/p>\n<p>Este s\u00e1bado 17 de septiembre, a partir de las 21, se presentar\u00e1n en \u201cMitus\u201d donde mostrar\u00e1n este tema oficialmente ante el p\u00fablico y compartir\u00e1n el escenario con \u201cCufa\u201d: \u201cUn artista amigo, del palo del rap que est\u00e1 presentando nuevo formato con su banda\u201d, adelant\u00f3 L\u00f3pez.<\/p>\n<p>Las entradas est\u00e1n disponibles a trav\u00e9s de MD en las redes sociales de El Tempano @eltempano_ en instagram.<\/p>\n<p><img loading=\"lazy\" decoding=\"async\" class=\"alignnone size-full wp-image-99462\" src=\"https:\/\/noticiasmercedinas.com\/site\/wp-content\/uploads\/2022\/09\/El_Tempano_backstage_espora-3.jpeg\" alt=\"\" width=\"640\" height=\"500\" srcset=\"https:\/\/noticiasmercedinas.com\/site\/wp-content\/uploads\/2022\/09\/El_Tempano_backstage_espora-3.jpeg 640w, https:\/\/noticiasmercedinas.com\/site\/wp-content\/uploads\/2022\/09\/El_Tempano_backstage_espora-3-300x234.jpeg 300w, https:\/\/noticiasmercedinas.com\/site\/wp-content\/uploads\/2022\/09\/El_Tempano_backstage_espora-3-511x400.jpeg 511w\" sizes=\"auto, (max-width: 640px) 100vw, 640px\" \/><\/p>\n","protected":false},"excerpt":{"rendered":"<p>\u25a0 \u00abSue\u00f1os Raros\u00bb es la nueva producci\u00f3n audiovisual que fue filmada en el Almac\u00e9n de Espora entre otras locaciones de nuestra ciudad. Este s\u00e1bado realizar\u00e1n la presentar\u00e1n oficialmente ante el p\u00fablico, desde las 21, en \u201cMitus\u201d.<\/p>\n","protected":false},"author":8,"featured_media":99461,"comment_status":"open","ping_status":"open","sticky":false,"template":"","format":"standard","meta":{"footnotes":""},"categories":[4],"tags":[11946,15253,12740,2626,88,15251,15252,1396],"class_list":["post-99459","post","type-post","status-publish","format-standard","has-post-thumbnail","hentry","category-cultura","tag-almacen-de-espora","tag-banda","tag-el-tempano","tag-felipe-lopez","tag-musica","tag-suenos-raros","tag-tema","tag-video"],"yoast_head":"<!-- This site is optimized with the Yoast SEO plugin v27.5 - https:\/\/yoast.com\/product\/yoast-seo-wordpress\/ -->\n<title>El T\u00e9mpano present\u00f3 nuevo tema y video<\/title>\n<meta name=\"robots\" content=\"index, follow, max-snippet:-1, max-image-preview:large, max-video-preview:-1\" \/>\n<link rel=\"canonical\" href=\"https:\/\/noticiasmercedinas.com\/site\/2022\/09\/13\/el-tempano-presento-nuevo-tema-y-video\/\" \/>\n<meta property=\"og:locale\" content=\"es_ES\" \/>\n<meta property=\"og:type\" content=\"article\" \/>\n<meta property=\"og:title\" content=\"El T\u00e9mpano present\u00f3 nuevo tema y video\" \/>\n<meta property=\"og:description\" content=\"\u25a0 &quot;Sue\u00f1os Raros&quot; es la nueva producci\u00f3n audiovisual que fue filmada en el Almac\u00e9n de Espora entre otras locaciones de nuestra ciudad. Este s\u00e1bado realizar\u00e1n la presentar\u00e1n oficialmente ante el p\u00fablico, desde las 21, en \u201cMitus\u201d.\" \/>\n<meta property=\"og:url\" content=\"https:\/\/noticiasmercedinas.com\/site\/2022\/09\/13\/el-tempano-presento-nuevo-tema-y-video\/\" \/>\n<meta property=\"og:site_name\" content=\"NOTICIASMERCEDINAS.COM\" \/>\n<meta property=\"article:publisher\" content=\"https:\/\/www.facebook.com\/noticiasmercedinas\/\" \/>\n<meta property=\"article:published_time\" content=\"2022-09-13T16:46:37+00:00\" \/>\n<meta property=\"article:modified_time\" content=\"2022-09-13T17:00:05+00:00\" \/>\n<meta property=\"og:image\" content=\"https:\/\/noticiasmercedinas.com\/site\/wp-content\/uploads\/2022\/09\/El_Tempano_backstage_espora-2.jpeg\" \/>\n\t<meta property=\"og:image:width\" content=\"640\" \/>\n\t<meta property=\"og:image:height\" content=\"500\" \/>\n\t<meta property=\"og:image:type\" content=\"image\/jpeg\" \/>\n<meta name=\"author\" content=\"Betina Abalos NOTICIASMERCEDINAS.COM\" \/>\n<meta name=\"twitter:card\" content=\"summary_large_image\" \/>\n<meta name=\"twitter:creator\" content=\"@notmercedinas\" \/>\n<meta name=\"twitter:site\" content=\"@notmercedinas\" \/>\n<meta name=\"twitter:label1\" content=\"Escrito por\" \/>\n\t<meta name=\"twitter:data1\" content=\"Betina Abalos NOTICIASMERCEDINAS.COM\" \/>\n\t<meta name=\"twitter:label2\" content=\"Tiempo de lectura\" \/>\n\t<meta name=\"twitter:data2\" content=\"2 minutos\" \/>\n<script type=\"application\/ld+json\" class=\"yoast-schema-graph\">{\"@context\":\"https:\\\/\\\/schema.org\",\"@graph\":[{\"@type\":\"Article\",\"@id\":\"https:\\\/\\\/noticiasmercedinas.com\\\/site\\\/2022\\\/09\\\/13\\\/el-tempano-presento-nuevo-tema-y-video\\\/#article\",\"isPartOf\":{\"@id\":\"https:\\\/\\\/noticiasmercedinas.com\\\/site\\\/2022\\\/09\\\/13\\\/el-tempano-presento-nuevo-tema-y-video\\\/\"},\"author\":{\"name\":\"Betina Abalos NOTICIASMERCEDINAS.COM\",\"@id\":\"https:\\\/\\\/noticiasmercedinas.com\\\/site\\\/#\\\/schema\\\/person\\\/b38ec3ed89a3735ef5fecfc1c9adc560\"},\"headline\":\"El T\u00e9mpano present\u00f3 nuevo tema y video\",\"datePublished\":\"2022-09-13T16:46:37+00:00\",\"dateModified\":\"2022-09-13T17:00:05+00:00\",\"mainEntityOfPage\":{\"@id\":\"https:\\\/\\\/noticiasmercedinas.com\\\/site\\\/2022\\\/09\\\/13\\\/el-tempano-presento-nuevo-tema-y-video\\\/\"},\"wordCount\":350,\"commentCount\":0,\"publisher\":{\"@id\":\"https:\\\/\\\/noticiasmercedinas.com\\\/site\\\/#organization\"},\"image\":{\"@id\":\"https:\\\/\\\/noticiasmercedinas.com\\\/site\\\/2022\\\/09\\\/13\\\/el-tempano-presento-nuevo-tema-y-video\\\/#primaryimage\"},\"thumbnailUrl\":\"https:\\\/\\\/noticiasmercedinas.com\\\/site\\\/wp-content\\\/uploads\\\/2022\\\/09\\\/El_Tempano_backstage_espora-2.jpeg\",\"keywords\":[\"Almac\u00e9n de Espora\",\"banda\",\"el tempano\",\"Felipe L\u00f3pez\",\"musica\",\"Sue\u00f1os raros\",\"tema\",\"video\"],\"articleSection\":[\"Cultura\"],\"inLanguage\":\"es\",\"potentialAction\":[{\"@type\":\"CommentAction\",\"name\":\"Comment\",\"target\":[\"https:\\\/\\\/noticiasmercedinas.com\\\/site\\\/2022\\\/09\\\/13\\\/el-tempano-presento-nuevo-tema-y-video\\\/#respond\"]}]},{\"@type\":\"WebPage\",\"@id\":\"https:\\\/\\\/noticiasmercedinas.com\\\/site\\\/2022\\\/09\\\/13\\\/el-tempano-presento-nuevo-tema-y-video\\\/\",\"url\":\"https:\\\/\\\/noticiasmercedinas.com\\\/site\\\/2022\\\/09\\\/13\\\/el-tempano-presento-nuevo-tema-y-video\\\/\",\"name\":\"El T\u00e9mpano present\u00f3 nuevo tema y video\",\"isPartOf\":{\"@id\":\"https:\\\/\\\/noticiasmercedinas.com\\\/site\\\/#website\"},\"primaryImageOfPage\":{\"@id\":\"https:\\\/\\\/noticiasmercedinas.com\\\/site\\\/2022\\\/09\\\/13\\\/el-tempano-presento-nuevo-tema-y-video\\\/#primaryimage\"},\"image\":{\"@id\":\"https:\\\/\\\/noticiasmercedinas.com\\\/site\\\/2022\\\/09\\\/13\\\/el-tempano-presento-nuevo-tema-y-video\\\/#primaryimage\"},\"thumbnailUrl\":\"https:\\\/\\\/noticiasmercedinas.com\\\/site\\\/wp-content\\\/uploads\\\/2022\\\/09\\\/El_Tempano_backstage_espora-2.jpeg\",\"datePublished\":\"2022-09-13T16:46:37+00:00\",\"dateModified\":\"2022-09-13T17:00:05+00:00\",\"breadcrumb\":{\"@id\":\"https:\\\/\\\/noticiasmercedinas.com\\\/site\\\/2022\\\/09\\\/13\\\/el-tempano-presento-nuevo-tema-y-video\\\/#breadcrumb\"},\"inLanguage\":\"es\",\"potentialAction\":[{\"@type\":\"ReadAction\",\"target\":[\"https:\\\/\\\/noticiasmercedinas.com\\\/site\\\/2022\\\/09\\\/13\\\/el-tempano-presento-nuevo-tema-y-video\\\/\"]}]},{\"@type\":\"ImageObject\",\"inLanguage\":\"es\",\"@id\":\"https:\\\/\\\/noticiasmercedinas.com\\\/site\\\/2022\\\/09\\\/13\\\/el-tempano-presento-nuevo-tema-y-video\\\/#primaryimage\",\"url\":\"https:\\\/\\\/noticiasmercedinas.com\\\/site\\\/wp-content\\\/uploads\\\/2022\\\/09\\\/El_Tempano_backstage_espora-2.jpeg\",\"contentUrl\":\"https:\\\/\\\/noticiasmercedinas.com\\\/site\\\/wp-content\\\/uploads\\\/2022\\\/09\\\/El_Tempano_backstage_espora-2.jpeg\",\"width\":640,\"height\":500},{\"@type\":\"BreadcrumbList\",\"@id\":\"https:\\\/\\\/noticiasmercedinas.com\\\/site\\\/2022\\\/09\\\/13\\\/el-tempano-presento-nuevo-tema-y-video\\\/#breadcrumb\",\"itemListElement\":[{\"@type\":\"ListItem\",\"position\":1,\"name\":\"Portada\",\"item\":\"https:\\\/\\\/noticiasmercedinas.com\\\/site\\\/\"},{\"@type\":\"ListItem\",\"position\":2,\"name\":\"El T\u00e9mpano present\u00f3 nuevo tema y video\"}]},{\"@type\":\"WebSite\",\"@id\":\"https:\\\/\\\/noticiasmercedinas.com\\\/site\\\/#website\",\"url\":\"https:\\\/\\\/noticiasmercedinas.com\\\/site\\\/\",\"name\":\"NOTICIASMERCEDINAS.COM\",\"description\":\"Mercedes, Buenos Aires, Argentina\",\"publisher\":{\"@id\":\"https:\\\/\\\/noticiasmercedinas.com\\\/site\\\/#organization\"},\"potentialAction\":[{\"@type\":\"SearchAction\",\"target\":{\"@type\":\"EntryPoint\",\"urlTemplate\":\"https:\\\/\\\/noticiasmercedinas.com\\\/site\\\/?s={search_term_string}\"},\"query-input\":{\"@type\":\"PropertyValueSpecification\",\"valueRequired\":true,\"valueName\":\"search_term_string\"}}],\"inLanguage\":\"es\"},{\"@type\":\"Organization\",\"@id\":\"https:\\\/\\\/noticiasmercedinas.com\\\/site\\\/#organization\",\"name\":\"NOTICIASMERCEDINAS.COM\",\"url\":\"https:\\\/\\\/noticiasmercedinas.com\\\/site\\\/\",\"logo\":{\"@type\":\"ImageObject\",\"inLanguage\":\"es\",\"@id\":\"https:\\\/\\\/noticiasmercedinas.com\\\/site\\\/#\\\/schema\\\/logo\\\/image\\\/\",\"url\":\"https:\\\/\\\/noticiasmercedinas.com\\\/site\\\/wp-content\\\/uploads\\\/2020\\\/06\\\/LOGO-512.jpg\",\"contentUrl\":\"https:\\\/\\\/noticiasmercedinas.com\\\/site\\\/wp-content\\\/uploads\\\/2020\\\/06\\\/LOGO-512.jpg\",\"width\":512,\"height\":512,\"caption\":\"NOTICIASMERCEDINAS.COM\"},\"image\":{\"@id\":\"https:\\\/\\\/noticiasmercedinas.com\\\/site\\\/#\\\/schema\\\/logo\\\/image\\\/\"},\"sameAs\":[\"https:\\\/\\\/www.facebook.com\\\/noticiasmercedinas\\\/\",\"https:\\\/\\\/x.com\\\/notmercedinas\",\"https:\\\/\\\/www.instagram.com\\\/noticiasmercedinas\\\/\"]},{\"@type\":\"Person\",\"@id\":\"https:\\\/\\\/noticiasmercedinas.com\\\/site\\\/#\\\/schema\\\/person\\\/b38ec3ed89a3735ef5fecfc1c9adc560\",\"name\":\"Betina Abalos NOTICIASMERCEDINAS.COM\",\"image\":{\"@type\":\"ImageObject\",\"inLanguage\":\"es\",\"@id\":\"https:\\\/\\\/secure.gravatar.com\\\/avatar\\\/8c86fde6c3b4a08aabce60929a23fa91235f414626598c992897a3e4b0679f33?s=96&d=mm&r=g\",\"url\":\"https:\\\/\\\/secure.gravatar.com\\\/avatar\\\/8c86fde6c3b4a08aabce60929a23fa91235f414626598c992897a3e4b0679f33?s=96&d=mm&r=g\",\"contentUrl\":\"https:\\\/\\\/secure.gravatar.com\\\/avatar\\\/8c86fde6c3b4a08aabce60929a23fa91235f414626598c992897a3e4b0679f33?s=96&d=mm&r=g\",\"caption\":\"Betina Abalos NOTICIASMERCEDINAS.COM\"},\"url\":\"https:\\\/\\\/noticiasmercedinas.com\\\/site\\\/author\\\/betina\\\/\"}]}<\/script>\n<!-- \/ Yoast SEO plugin. -->","yoast_head_json":{"title":"El T\u00e9mpano present\u00f3 nuevo tema y video","robots":{"index":"index","follow":"follow","max-snippet":"max-snippet:-1","max-image-preview":"max-image-preview:large","max-video-preview":"max-video-preview:-1"},"canonical":"https:\/\/noticiasmercedinas.com\/site\/2022\/09\/13\/el-tempano-presento-nuevo-tema-y-video\/","og_locale":"es_ES","og_type":"article","og_title":"El T\u00e9mpano present\u00f3 nuevo tema y video","og_description":"\u25a0 \"Sue\u00f1os Raros\" es la nueva producci\u00f3n audiovisual que fue filmada en el Almac\u00e9n de Espora entre otras locaciones de nuestra ciudad. Este s\u00e1bado realizar\u00e1n la presentar\u00e1n oficialmente ante el p\u00fablico, desde las 21, en \u201cMitus\u201d.","og_url":"https:\/\/noticiasmercedinas.com\/site\/2022\/09\/13\/el-tempano-presento-nuevo-tema-y-video\/","og_site_name":"NOTICIASMERCEDINAS.COM","article_publisher":"https:\/\/www.facebook.com\/noticiasmercedinas\/","article_published_time":"2022-09-13T16:46:37+00:00","article_modified_time":"2022-09-13T17:00:05+00:00","og_image":[{"width":640,"height":500,"url":"https:\/\/noticiasmercedinas.com\/site\/wp-content\/uploads\/2022\/09\/El_Tempano_backstage_espora-2.jpeg","type":"image\/jpeg"}],"author":"Betina Abalos NOTICIASMERCEDINAS.COM","twitter_card":"summary_large_image","twitter_creator":"@notmercedinas","twitter_site":"@notmercedinas","twitter_misc":{"Escrito por":"Betina Abalos NOTICIASMERCEDINAS.COM","Tiempo de lectura":"2 minutos"},"schema":{"@context":"https:\/\/schema.org","@graph":[{"@type":"Article","@id":"https:\/\/noticiasmercedinas.com\/site\/2022\/09\/13\/el-tempano-presento-nuevo-tema-y-video\/#article","isPartOf":{"@id":"https:\/\/noticiasmercedinas.com\/site\/2022\/09\/13\/el-tempano-presento-nuevo-tema-y-video\/"},"author":{"name":"Betina Abalos NOTICIASMERCEDINAS.COM","@id":"https:\/\/noticiasmercedinas.com\/site\/#\/schema\/person\/b38ec3ed89a3735ef5fecfc1c9adc560"},"headline":"El T\u00e9mpano present\u00f3 nuevo tema y video","datePublished":"2022-09-13T16:46:37+00:00","dateModified":"2022-09-13T17:00:05+00:00","mainEntityOfPage":{"@id":"https:\/\/noticiasmercedinas.com\/site\/2022\/09\/13\/el-tempano-presento-nuevo-tema-y-video\/"},"wordCount":350,"commentCount":0,"publisher":{"@id":"https:\/\/noticiasmercedinas.com\/site\/#organization"},"image":{"@id":"https:\/\/noticiasmercedinas.com\/site\/2022\/09\/13\/el-tempano-presento-nuevo-tema-y-video\/#primaryimage"},"thumbnailUrl":"https:\/\/noticiasmercedinas.com\/site\/wp-content\/uploads\/2022\/09\/El_Tempano_backstage_espora-2.jpeg","keywords":["Almac\u00e9n de Espora","banda","el tempano","Felipe L\u00f3pez","musica","Sue\u00f1os raros","tema","video"],"articleSection":["Cultura"],"inLanguage":"es","potentialAction":[{"@type":"CommentAction","name":"Comment","target":["https:\/\/noticiasmercedinas.com\/site\/2022\/09\/13\/el-tempano-presento-nuevo-tema-y-video\/#respond"]}]},{"@type":"WebPage","@id":"https:\/\/noticiasmercedinas.com\/site\/2022\/09\/13\/el-tempano-presento-nuevo-tema-y-video\/","url":"https:\/\/noticiasmercedinas.com\/site\/2022\/09\/13\/el-tempano-presento-nuevo-tema-y-video\/","name":"El T\u00e9mpano present\u00f3 nuevo tema y video","isPartOf":{"@id":"https:\/\/noticiasmercedinas.com\/site\/#website"},"primaryImageOfPage":{"@id":"https:\/\/noticiasmercedinas.com\/site\/2022\/09\/13\/el-tempano-presento-nuevo-tema-y-video\/#primaryimage"},"image":{"@id":"https:\/\/noticiasmercedinas.com\/site\/2022\/09\/13\/el-tempano-presento-nuevo-tema-y-video\/#primaryimage"},"thumbnailUrl":"https:\/\/noticiasmercedinas.com\/site\/wp-content\/uploads\/2022\/09\/El_Tempano_backstage_espora-2.jpeg","datePublished":"2022-09-13T16:46:37+00:00","dateModified":"2022-09-13T17:00:05+00:00","breadcrumb":{"@id":"https:\/\/noticiasmercedinas.com\/site\/2022\/09\/13\/el-tempano-presento-nuevo-tema-y-video\/#breadcrumb"},"inLanguage":"es","potentialAction":[{"@type":"ReadAction","target":["https:\/\/noticiasmercedinas.com\/site\/2022\/09\/13\/el-tempano-presento-nuevo-tema-y-video\/"]}]},{"@type":"ImageObject","inLanguage":"es","@id":"https:\/\/noticiasmercedinas.com\/site\/2022\/09\/13\/el-tempano-presento-nuevo-tema-y-video\/#primaryimage","url":"https:\/\/noticiasmercedinas.com\/site\/wp-content\/uploads\/2022\/09\/El_Tempano_backstage_espora-2.jpeg","contentUrl":"https:\/\/noticiasmercedinas.com\/site\/wp-content\/uploads\/2022\/09\/El_Tempano_backstage_espora-2.jpeg","width":640,"height":500},{"@type":"BreadcrumbList","@id":"https:\/\/noticiasmercedinas.com\/site\/2022\/09\/13\/el-tempano-presento-nuevo-tema-y-video\/#breadcrumb","itemListElement":[{"@type":"ListItem","position":1,"name":"Portada","item":"https:\/\/noticiasmercedinas.com\/site\/"},{"@type":"ListItem","position":2,"name":"El T\u00e9mpano present\u00f3 nuevo tema y video"}]},{"@type":"WebSite","@id":"https:\/\/noticiasmercedinas.com\/site\/#website","url":"https:\/\/noticiasmercedinas.com\/site\/","name":"NOTICIASMERCEDINAS.COM","description":"Mercedes, Buenos Aires, Argentina","publisher":{"@id":"https:\/\/noticiasmercedinas.com\/site\/#organization"},"potentialAction":[{"@type":"SearchAction","target":{"@type":"EntryPoint","urlTemplate":"https:\/\/noticiasmercedinas.com\/site\/?s={search_term_string}"},"query-input":{"@type":"PropertyValueSpecification","valueRequired":true,"valueName":"search_term_string"}}],"inLanguage":"es"},{"@type":"Organization","@id":"https:\/\/noticiasmercedinas.com\/site\/#organization","name":"NOTICIASMERCEDINAS.COM","url":"https:\/\/noticiasmercedinas.com\/site\/","logo":{"@type":"ImageObject","inLanguage":"es","@id":"https:\/\/noticiasmercedinas.com\/site\/#\/schema\/logo\/image\/","url":"https:\/\/noticiasmercedinas.com\/site\/wp-content\/uploads\/2020\/06\/LOGO-512.jpg","contentUrl":"https:\/\/noticiasmercedinas.com\/site\/wp-content\/uploads\/2020\/06\/LOGO-512.jpg","width":512,"height":512,"caption":"NOTICIASMERCEDINAS.COM"},"image":{"@id":"https:\/\/noticiasmercedinas.com\/site\/#\/schema\/logo\/image\/"},"sameAs":["https:\/\/www.facebook.com\/noticiasmercedinas\/","https:\/\/x.com\/notmercedinas","https:\/\/www.instagram.com\/noticiasmercedinas\/"]},{"@type":"Person","@id":"https:\/\/noticiasmercedinas.com\/site\/#\/schema\/person\/b38ec3ed89a3735ef5fecfc1c9adc560","name":"Betina Abalos NOTICIASMERCEDINAS.COM","image":{"@type":"ImageObject","inLanguage":"es","@id":"https:\/\/secure.gravatar.com\/avatar\/8c86fde6c3b4a08aabce60929a23fa91235f414626598c992897a3e4b0679f33?s=96&d=mm&r=g","url":"https:\/\/secure.gravatar.com\/avatar\/8c86fde6c3b4a08aabce60929a23fa91235f414626598c992897a3e4b0679f33?s=96&d=mm&r=g","contentUrl":"https:\/\/secure.gravatar.com\/avatar\/8c86fde6c3b4a08aabce60929a23fa91235f414626598c992897a3e4b0679f33?s=96&d=mm&r=g","caption":"Betina Abalos NOTICIASMERCEDINAS.COM"},"url":"https:\/\/noticiasmercedinas.com\/site\/author\/betina\/"}]}},"amp_enabled":true,"_links":{"self":[{"href":"https:\/\/noticiasmercedinas.com\/site\/wp-json\/wp\/v2\/posts\/99459","targetHints":{"allow":["GET"]}}],"collection":[{"href":"https:\/\/noticiasmercedinas.com\/site\/wp-json\/wp\/v2\/posts"}],"about":[{"href":"https:\/\/noticiasmercedinas.com\/site\/wp-json\/wp\/v2\/types\/post"}],"author":[{"embeddable":true,"href":"https:\/\/noticiasmercedinas.com\/site\/wp-json\/wp\/v2\/users\/8"}],"replies":[{"embeddable":true,"href":"https:\/\/noticiasmercedinas.com\/site\/wp-json\/wp\/v2\/comments?post=99459"}],"version-history":[{"count":4,"href":"https:\/\/noticiasmercedinas.com\/site\/wp-json\/wp\/v2\/posts\/99459\/revisions"}],"predecessor-version":[{"id":99466,"href":"https:\/\/noticiasmercedinas.com\/site\/wp-json\/wp\/v2\/posts\/99459\/revisions\/99466"}],"wp:featuredmedia":[{"embeddable":true,"href":"https:\/\/noticiasmercedinas.com\/site\/wp-json\/wp\/v2\/media\/99461"}],"wp:attachment":[{"href":"https:\/\/noticiasmercedinas.com\/site\/wp-json\/wp\/v2\/media?parent=99459"}],"wp:term":[{"taxonomy":"category","embeddable":true,"href":"https:\/\/noticiasmercedinas.com\/site\/wp-json\/wp\/v2\/categories?post=99459"},{"taxonomy":"post_tag","embeddable":true,"href":"https:\/\/noticiasmercedinas.com\/site\/wp-json\/wp\/v2\/tags?post=99459"}],"curies":[{"name":"wp","href":"https:\/\/api.w.org\/{rel}","templated":true}]}}