{"id":99488,"date":"2022-09-13T20:39:02","date_gmt":"2022-09-13T23:39:02","guid":{"rendered":"https:\/\/noticiasmercedinas.com\/site\/?p=99488"},"modified":"2022-09-13T21:06:41","modified_gmt":"2022-09-14T00:06:41","slug":"obras-de-magnitud-en-edificios-de-la-escuela-primaria-7-y-la-secundaria-13","status":"publish","type":"post","link":"https:\/\/noticiasmercedinas.com\/site\/2022\/09\/13\/obras-de-magnitud-en-edificios-de-la-escuela-primaria-7-y-la-secundaria-13\/","title":{"rendered":"Obras de magnitud en edificios de la Escuela Primaria 7 y la Secundaria 15"},"content":{"rendered":"<p><img loading=\"lazy\" decoding=\"async\" class=\"alignnone size-large wp-image-99489\" src=\"https:\/\/noticiasmercedinas.com\/site\/wp-content\/uploads\/2022\/09\/20-1-1024x461.jpeg\" alt=\"\" width=\"640\" height=\"288\" srcset=\"https:\/\/noticiasmercedinas.com\/site\/wp-content\/uploads\/2022\/09\/20-1-1024x461.jpeg 1024w, https:\/\/noticiasmercedinas.com\/site\/wp-content\/uploads\/2022\/09\/20-1-300x135.jpeg 300w, https:\/\/noticiasmercedinas.com\/site\/wp-content\/uploads\/2022\/09\/20-1-768x346.jpeg 768w, https:\/\/noticiasmercedinas.com\/site\/wp-content\/uploads\/2022\/09\/20-1-1536x691.jpeg 1536w, https:\/\/noticiasmercedinas.com\/site\/wp-content\/uploads\/2022\/09\/20-1-640x288.jpeg 640w, https:\/\/noticiasmercedinas.com\/site\/wp-content\/uploads\/2022\/09\/20-1-1280x576.jpeg 1280w, https:\/\/noticiasmercedinas.com\/site\/wp-content\/uploads\/2022\/09\/20-1-681x306.jpeg 681w, https:\/\/noticiasmercedinas.com\/site\/wp-content\/uploads\/2022\/09\/20-1-1362x613.jpeg 1362w, https:\/\/noticiasmercedinas.com\/site\/wp-content\/uploads\/2022\/09\/20-1.jpeg 1600w\" sizes=\"auto, (max-width: 640px) 100vw, 640px\" \/><\/p>\n<p>Con recursos del Gobierno Provincial, mediante la gesti\u00f3n del Estado Municipal, se lograron realizar obras en la Escuela N\u00b07 y Secundaria N\u00b015, que no s\u00f3lo permitir\u00e1n un mejor desarrollo de las actividades dentro de las instituciones, sino, adem\u00e1s, brindar\u00e1n mayor seguridad para todos.<\/p>\n<p>El intendente Juan Ignacio Ustarroz quiso \u201cfelicitar a todo el cuerpo docente por el gran trabajo que vienen desarrollando, porque realmente demuestran el compromiso, la vocaci\u00f3n, el esfuerzo que hay\u201d.<\/p>\n<p>\u201cLa verdad que para nosotros es un orgullo y un honor enorme que esta escuela, tanto la primaria como la secundaria se haya modificado al cien por ciento el sistema energ\u00e9tico, haci\u00e9ndolo mucho m\u00e1s seguro y eficiente\u201d destac\u00f3 el intendente Ustarroz y quiso \u201cremarcar el gran trabajo del Consejo Escolar, a los directivos por todo el compromiso y el seguimiento para que la obra salga bien\u201d.<\/p>\n<p><img loading=\"lazy\" decoding=\"async\" class=\"alignnone size-full wp-image-99490\" src=\"https:\/\/noticiasmercedinas.com\/site\/wp-content\/uploads\/2022\/09\/DSC07159.jpg\" alt=\"\" width=\"922\" height=\"615\" srcset=\"https:\/\/noticiasmercedinas.com\/site\/wp-content\/uploads\/2022\/09\/DSC07159.jpg 922w, https:\/\/noticiasmercedinas.com\/site\/wp-content\/uploads\/2022\/09\/DSC07159-300x200.jpg 300w, https:\/\/noticiasmercedinas.com\/site\/wp-content\/uploads\/2022\/09\/DSC07159-768x512.jpg 768w, https:\/\/noticiasmercedinas.com\/site\/wp-content\/uploads\/2022\/09\/DSC07159-640x427.jpg 640w, https:\/\/noticiasmercedinas.com\/site\/wp-content\/uploads\/2022\/09\/DSC07159-681x454.jpg 681w\" sizes=\"auto, (max-width: 922px) 100vw, 922px\" \/><\/p>\n<p>En este sentido, el intendente Ustarroz inform\u00f3 que a la obra \u201cla hizo una empresa de Mercedes, por lo que, no s\u00f3lo se genera mejores condiciones en las escuelas, sino, adem\u00e1s, se apoya y apuesta a la econom\u00eda local\u201d.<\/p>\n<p>Gabriela Ver\u00f3nica Martino, directora de la escuela N\u00b07, cont\u00f3: \u201cLa parte m\u00e1s gruesa de las obras se realiz\u00f3 durante las vacaciones de invierno, por lo que estuve viniendo y hablando con el personal de la empresa a cargo de la obra, quienes trabajaron de manera fabulosa, hicieron todo lo que se ten\u00eda que hacer, pero adem\u00e1s realizaron trabajos que no estaban dentro del pliego, por eso, muy agradecidos\u201d.<\/p>\n<p>\u201cAdem\u00e1s, el recambio del cableado va a traer mayor seguridad a todos los alumnos y alumnas que concurren, se hizo el escenario, se colocaron ventiladores industriales para cuando llegue el calor, y reflectores que brindar\u00e1 mayor luminosidad por las noches y as\u00ed poder evitar cualquier tipo de acto de inseguridad\u201d apunt\u00f3 Martino.<\/p>\n<p>Por su parte, el presidente del Consejo Escolar, Jos\u00e9 Luis Pisano, se\u00f1al\u00f3: \u201cLogramos, a trav\u00e9s de las gestiones del intendente Ustarroz con el Gobierno provincial y la Direcci\u00f3n de Escuelas una obra millonaria para una reforma integral de todo su sistema el\u00e9ctrico, la cual ya estaba dise\u00f1ada y elaborada desde hace m\u00e1s de 10 a\u00f1os\u201d y a\u00f1adi\u00f3 que \u00abeste a\u00f1o se lograron obtener los recursos, se ejecut\u00f3 desde el Consejo Escolar, y se desarroll\u00f3 en el tiempo y forma necesario\u00bb.<\/p>\n","protected":false},"excerpt":{"rendered":"<p>\u25a0 Las obras encaradas no s\u00f3lo permitir\u00e1n un mejor desarrollo de las actividades dentro de las instituciones, sino, adem\u00e1s, brindar\u00e1n mayor seguridad para todos.<\/p>\n","protected":false},"author":16,"featured_media":99489,"comment_status":"open","ping_status":"open","sticky":false,"template":"","format":"standard","meta":{"footnotes":""},"categories":[3],"tags":[267,945],"class_list":["post-99488","post","type-post","status-publish","format-standard","has-post-thumbnail","hentry","category-sociedad","tag-consejo-escolar","tag-escuela-7"],"yoast_head":"<!-- This site is optimized with the Yoast SEO plugin v27.5 - https:\/\/yoast.com\/product\/yoast-seo-wordpress\/ -->\n<title>Obras de magnitud en edificios de la Escuela Primaria 7 y la Secundaria 15<\/title>\n<meta name=\"robots\" content=\"index, follow, max-snippet:-1, max-image-preview:large, max-video-preview:-1\" \/>\n<link rel=\"canonical\" href=\"https:\/\/noticiasmercedinas.com\/site\/2022\/09\/13\/obras-de-magnitud-en-edificios-de-la-escuela-primaria-7-y-la-secundaria-13\/\" \/>\n<meta property=\"og:locale\" content=\"es_ES\" \/>\n<meta property=\"og:type\" content=\"article\" \/>\n<meta property=\"og:title\" content=\"Obras de magnitud en edificios de la Escuela Primaria 7 y la Secundaria 15\" \/>\n<meta property=\"og:description\" content=\"\u25a0 Las obras encaradas no s\u00f3lo permitir\u00e1n un mejor desarrollo de las actividades dentro de las instituciones, sino, adem\u00e1s, brindar\u00e1n mayor seguridad para todos.\" \/>\n<meta property=\"og:url\" content=\"https:\/\/noticiasmercedinas.com\/site\/2022\/09\/13\/obras-de-magnitud-en-edificios-de-la-escuela-primaria-7-y-la-secundaria-13\/\" \/>\n<meta property=\"og:site_name\" content=\"NOTICIASMERCEDINAS.COM\" \/>\n<meta property=\"article:publisher\" content=\"https:\/\/www.facebook.com\/noticiasmercedinas\/\" \/>\n<meta property=\"article:published_time\" content=\"2022-09-13T23:39:02+00:00\" \/>\n<meta property=\"article:modified_time\" content=\"2022-09-14T00:06:41+00:00\" \/>\n<meta property=\"og:image\" content=\"https:\/\/noticiasmercedinas.com\/site\/wp-content\/uploads\/2022\/09\/20-1.jpeg\" \/>\n\t<meta property=\"og:image:width\" content=\"1600\" \/>\n\t<meta property=\"og:image:height\" content=\"720\" \/>\n\t<meta property=\"og:image:type\" content=\"image\/jpeg\" \/>\n<meta name=\"author\" content=\"NOTICIASMERCEDINAS.COM\" \/>\n<meta name=\"twitter:card\" content=\"summary_large_image\" \/>\n<meta name=\"twitter:creator\" content=\"@notmercedinas\" \/>\n<meta name=\"twitter:site\" content=\"@notmercedinas\" \/>\n<meta name=\"twitter:label1\" content=\"Escrito por\" \/>\n\t<meta name=\"twitter:data1\" content=\"NOTICIASMERCEDINAS.COM\" \/>\n\t<meta name=\"twitter:label2\" content=\"Tiempo de lectura\" \/>\n\t<meta name=\"twitter:data2\" content=\"3 minutos\" \/>\n<script type=\"application\/ld+json\" class=\"yoast-schema-graph\">{\"@context\":\"https:\\\/\\\/schema.org\",\"@graph\":[{\"@type\":\"Article\",\"@id\":\"https:\\\/\\\/noticiasmercedinas.com\\\/site\\\/2022\\\/09\\\/13\\\/obras-de-magnitud-en-edificios-de-la-escuela-primaria-7-y-la-secundaria-13\\\/#article\",\"isPartOf\":{\"@id\":\"https:\\\/\\\/noticiasmercedinas.com\\\/site\\\/2022\\\/09\\\/13\\\/obras-de-magnitud-en-edificios-de-la-escuela-primaria-7-y-la-secundaria-13\\\/\"},\"author\":{\"name\":\"NOTICIASMERCEDINAS.COM\",\"@id\":\"https:\\\/\\\/noticiasmercedinas.com\\\/site\\\/#\\\/schema\\\/person\\\/84b59c099c28ff2e8b77d4ceec5d8063\"},\"headline\":\"Obras de magnitud en edificios de la Escuela Primaria 7 y la Secundaria 15\",\"datePublished\":\"2022-09-13T23:39:02+00:00\",\"dateModified\":\"2022-09-14T00:06:41+00:00\",\"mainEntityOfPage\":{\"@id\":\"https:\\\/\\\/noticiasmercedinas.com\\\/site\\\/2022\\\/09\\\/13\\\/obras-de-magnitud-en-edificios-de-la-escuela-primaria-7-y-la-secundaria-13\\\/\"},\"wordCount\":415,\"commentCount\":0,\"publisher\":{\"@id\":\"https:\\\/\\\/noticiasmercedinas.com\\\/site\\\/#organization\"},\"image\":{\"@id\":\"https:\\\/\\\/noticiasmercedinas.com\\\/site\\\/2022\\\/09\\\/13\\\/obras-de-magnitud-en-edificios-de-la-escuela-primaria-7-y-la-secundaria-13\\\/#primaryimage\"},\"thumbnailUrl\":\"https:\\\/\\\/noticiasmercedinas.com\\\/site\\\/wp-content\\\/uploads\\\/2022\\\/09\\\/20-1.jpeg\",\"keywords\":[\"consejo escolar\",\"escuela 7\"],\"articleSection\":[\"Sociedad\"],\"inLanguage\":\"es\",\"potentialAction\":[{\"@type\":\"CommentAction\",\"name\":\"Comment\",\"target\":[\"https:\\\/\\\/noticiasmercedinas.com\\\/site\\\/2022\\\/09\\\/13\\\/obras-de-magnitud-en-edificios-de-la-escuela-primaria-7-y-la-secundaria-13\\\/#respond\"]}]},{\"@type\":\"WebPage\",\"@id\":\"https:\\\/\\\/noticiasmercedinas.com\\\/site\\\/2022\\\/09\\\/13\\\/obras-de-magnitud-en-edificios-de-la-escuela-primaria-7-y-la-secundaria-13\\\/\",\"url\":\"https:\\\/\\\/noticiasmercedinas.com\\\/site\\\/2022\\\/09\\\/13\\\/obras-de-magnitud-en-edificios-de-la-escuela-primaria-7-y-la-secundaria-13\\\/\",\"name\":\"Obras de magnitud en edificios de la Escuela Primaria 7 y la Secundaria 15\",\"isPartOf\":{\"@id\":\"https:\\\/\\\/noticiasmercedinas.com\\\/site\\\/#website\"},\"primaryImageOfPage\":{\"@id\":\"https:\\\/\\\/noticiasmercedinas.com\\\/site\\\/2022\\\/09\\\/13\\\/obras-de-magnitud-en-edificios-de-la-escuela-primaria-7-y-la-secundaria-13\\\/#primaryimage\"},\"image\":{\"@id\":\"https:\\\/\\\/noticiasmercedinas.com\\\/site\\\/2022\\\/09\\\/13\\\/obras-de-magnitud-en-edificios-de-la-escuela-primaria-7-y-la-secundaria-13\\\/#primaryimage\"},\"thumbnailUrl\":\"https:\\\/\\\/noticiasmercedinas.com\\\/site\\\/wp-content\\\/uploads\\\/2022\\\/09\\\/20-1.jpeg\",\"datePublished\":\"2022-09-13T23:39:02+00:00\",\"dateModified\":\"2022-09-14T00:06:41+00:00\",\"breadcrumb\":{\"@id\":\"https:\\\/\\\/noticiasmercedinas.com\\\/site\\\/2022\\\/09\\\/13\\\/obras-de-magnitud-en-edificios-de-la-escuela-primaria-7-y-la-secundaria-13\\\/#breadcrumb\"},\"inLanguage\":\"es\",\"potentialAction\":[{\"@type\":\"ReadAction\",\"target\":[\"https:\\\/\\\/noticiasmercedinas.com\\\/site\\\/2022\\\/09\\\/13\\\/obras-de-magnitud-en-edificios-de-la-escuela-primaria-7-y-la-secundaria-13\\\/\"]}]},{\"@type\":\"ImageObject\",\"inLanguage\":\"es\",\"@id\":\"https:\\\/\\\/noticiasmercedinas.com\\\/site\\\/2022\\\/09\\\/13\\\/obras-de-magnitud-en-edificios-de-la-escuela-primaria-7-y-la-secundaria-13\\\/#primaryimage\",\"url\":\"https:\\\/\\\/noticiasmercedinas.com\\\/site\\\/wp-content\\\/uploads\\\/2022\\\/09\\\/20-1.jpeg\",\"contentUrl\":\"https:\\\/\\\/noticiasmercedinas.com\\\/site\\\/wp-content\\\/uploads\\\/2022\\\/09\\\/20-1.jpeg\",\"width\":1600,\"height\":720},{\"@type\":\"BreadcrumbList\",\"@id\":\"https:\\\/\\\/noticiasmercedinas.com\\\/site\\\/2022\\\/09\\\/13\\\/obras-de-magnitud-en-edificios-de-la-escuela-primaria-7-y-la-secundaria-13\\\/#breadcrumb\",\"itemListElement\":[{\"@type\":\"ListItem\",\"position\":1,\"name\":\"Portada\",\"item\":\"https:\\\/\\\/noticiasmercedinas.com\\\/site\\\/\"},{\"@type\":\"ListItem\",\"position\":2,\"name\":\"Obras de magnitud en edificios de la Escuela Primaria 7 y la Secundaria 15\"}]},{\"@type\":\"WebSite\",\"@id\":\"https:\\\/\\\/noticiasmercedinas.com\\\/site\\\/#website\",\"url\":\"https:\\\/\\\/noticiasmercedinas.com\\\/site\\\/\",\"name\":\"NOTICIASMERCEDINAS.COM\",\"description\":\"Mercedes, Buenos Aires, Argentina\",\"publisher\":{\"@id\":\"https:\\\/\\\/noticiasmercedinas.com\\\/site\\\/#organization\"},\"potentialAction\":[{\"@type\":\"SearchAction\",\"target\":{\"@type\":\"EntryPoint\",\"urlTemplate\":\"https:\\\/\\\/noticiasmercedinas.com\\\/site\\\/?s={search_term_string}\"},\"query-input\":{\"@type\":\"PropertyValueSpecification\",\"valueRequired\":true,\"valueName\":\"search_term_string\"}}],\"inLanguage\":\"es\"},{\"@type\":\"Organization\",\"@id\":\"https:\\\/\\\/noticiasmercedinas.com\\\/site\\\/#organization\",\"name\":\"NOTICIASMERCEDINAS.COM\",\"url\":\"https:\\\/\\\/noticiasmercedinas.com\\\/site\\\/\",\"logo\":{\"@type\":\"ImageObject\",\"inLanguage\":\"es\",\"@id\":\"https:\\\/\\\/noticiasmercedinas.com\\\/site\\\/#\\\/schema\\\/logo\\\/image\\\/\",\"url\":\"https:\\\/\\\/noticiasmercedinas.com\\\/site\\\/wp-content\\\/uploads\\\/2020\\\/06\\\/LOGO-512.jpg\",\"contentUrl\":\"https:\\\/\\\/noticiasmercedinas.com\\\/site\\\/wp-content\\\/uploads\\\/2020\\\/06\\\/LOGO-512.jpg\",\"width\":512,\"height\":512,\"caption\":\"NOTICIASMERCEDINAS.COM\"},\"image\":{\"@id\":\"https:\\\/\\\/noticiasmercedinas.com\\\/site\\\/#\\\/schema\\\/logo\\\/image\\\/\"},\"sameAs\":[\"https:\\\/\\\/www.facebook.com\\\/noticiasmercedinas\\\/\",\"https:\\\/\\\/x.com\\\/notmercedinas\",\"https:\\\/\\\/www.instagram.com\\\/noticiasmercedinas\\\/\"]},{\"@type\":\"Person\",\"@id\":\"https:\\\/\\\/noticiasmercedinas.com\\\/site\\\/#\\\/schema\\\/person\\\/84b59c099c28ff2e8b77d4ceec5d8063\",\"name\":\"NOTICIASMERCEDINAS.COM\",\"image\":{\"@type\":\"ImageObject\",\"inLanguage\":\"es\",\"@id\":\"https:\\\/\\\/secure.gravatar.com\\\/avatar\\\/4dfbf16b4d17945bfb6341b2d19043457132fcf478a5ee04f42e959fd8f5df0a?s=96&d=mm&r=g\",\"url\":\"https:\\\/\\\/secure.gravatar.com\\\/avatar\\\/4dfbf16b4d17945bfb6341b2d19043457132fcf478a5ee04f42e959fd8f5df0a?s=96&d=mm&r=g\",\"contentUrl\":\"https:\\\/\\\/secure.gravatar.com\\\/avatar\\\/4dfbf16b4d17945bfb6341b2d19043457132fcf478a5ee04f42e959fd8f5df0a?s=96&d=mm&r=g\",\"caption\":\"NOTICIASMERCEDINAS.COM\"},\"url\":\"https:\\\/\\\/noticiasmercedinas.com\\\/site\\\/author\\\/anonimo\\\/\"}]}<\/script>\n<!-- \/ Yoast SEO plugin. -->","yoast_head_json":{"title":"Obras de magnitud en edificios de la Escuela Primaria 7 y la Secundaria 15","robots":{"index":"index","follow":"follow","max-snippet":"max-snippet:-1","max-image-preview":"max-image-preview:large","max-video-preview":"max-video-preview:-1"},"canonical":"https:\/\/noticiasmercedinas.com\/site\/2022\/09\/13\/obras-de-magnitud-en-edificios-de-la-escuela-primaria-7-y-la-secundaria-13\/","og_locale":"es_ES","og_type":"article","og_title":"Obras de magnitud en edificios de la Escuela Primaria 7 y la Secundaria 15","og_description":"\u25a0 Las obras encaradas no s\u00f3lo permitir\u00e1n un mejor desarrollo de las actividades dentro de las instituciones, sino, adem\u00e1s, brindar\u00e1n mayor seguridad para todos.","og_url":"https:\/\/noticiasmercedinas.com\/site\/2022\/09\/13\/obras-de-magnitud-en-edificios-de-la-escuela-primaria-7-y-la-secundaria-13\/","og_site_name":"NOTICIASMERCEDINAS.COM","article_publisher":"https:\/\/www.facebook.com\/noticiasmercedinas\/","article_published_time":"2022-09-13T23:39:02+00:00","article_modified_time":"2022-09-14T00:06:41+00:00","og_image":[{"width":1600,"height":720,"url":"https:\/\/noticiasmercedinas.com\/site\/wp-content\/uploads\/2022\/09\/20-1.jpeg","type":"image\/jpeg"}],"author":"NOTICIASMERCEDINAS.COM","twitter_card":"summary_large_image","twitter_creator":"@notmercedinas","twitter_site":"@notmercedinas","twitter_misc":{"Escrito por":"NOTICIASMERCEDINAS.COM","Tiempo de lectura":"3 minutos"},"schema":{"@context":"https:\/\/schema.org","@graph":[{"@type":"Article","@id":"https:\/\/noticiasmercedinas.com\/site\/2022\/09\/13\/obras-de-magnitud-en-edificios-de-la-escuela-primaria-7-y-la-secundaria-13\/#article","isPartOf":{"@id":"https:\/\/noticiasmercedinas.com\/site\/2022\/09\/13\/obras-de-magnitud-en-edificios-de-la-escuela-primaria-7-y-la-secundaria-13\/"},"author":{"name":"NOTICIASMERCEDINAS.COM","@id":"https:\/\/noticiasmercedinas.com\/site\/#\/schema\/person\/84b59c099c28ff2e8b77d4ceec5d8063"},"headline":"Obras de magnitud en edificios de la Escuela Primaria 7 y la Secundaria 15","datePublished":"2022-09-13T23:39:02+00:00","dateModified":"2022-09-14T00:06:41+00:00","mainEntityOfPage":{"@id":"https:\/\/noticiasmercedinas.com\/site\/2022\/09\/13\/obras-de-magnitud-en-edificios-de-la-escuela-primaria-7-y-la-secundaria-13\/"},"wordCount":415,"commentCount":0,"publisher":{"@id":"https:\/\/noticiasmercedinas.com\/site\/#organization"},"image":{"@id":"https:\/\/noticiasmercedinas.com\/site\/2022\/09\/13\/obras-de-magnitud-en-edificios-de-la-escuela-primaria-7-y-la-secundaria-13\/#primaryimage"},"thumbnailUrl":"https:\/\/noticiasmercedinas.com\/site\/wp-content\/uploads\/2022\/09\/20-1.jpeg","keywords":["consejo escolar","escuela 7"],"articleSection":["Sociedad"],"inLanguage":"es","potentialAction":[{"@type":"CommentAction","name":"Comment","target":["https:\/\/noticiasmercedinas.com\/site\/2022\/09\/13\/obras-de-magnitud-en-edificios-de-la-escuela-primaria-7-y-la-secundaria-13\/#respond"]}]},{"@type":"WebPage","@id":"https:\/\/noticiasmercedinas.com\/site\/2022\/09\/13\/obras-de-magnitud-en-edificios-de-la-escuela-primaria-7-y-la-secundaria-13\/","url":"https:\/\/noticiasmercedinas.com\/site\/2022\/09\/13\/obras-de-magnitud-en-edificios-de-la-escuela-primaria-7-y-la-secundaria-13\/","name":"Obras de magnitud en edificios de la Escuela Primaria 7 y la Secundaria 15","isPartOf":{"@id":"https:\/\/noticiasmercedinas.com\/site\/#website"},"primaryImageOfPage":{"@id":"https:\/\/noticiasmercedinas.com\/site\/2022\/09\/13\/obras-de-magnitud-en-edificios-de-la-escuela-primaria-7-y-la-secundaria-13\/#primaryimage"},"image":{"@id":"https:\/\/noticiasmercedinas.com\/site\/2022\/09\/13\/obras-de-magnitud-en-edificios-de-la-escuela-primaria-7-y-la-secundaria-13\/#primaryimage"},"thumbnailUrl":"https:\/\/noticiasmercedinas.com\/site\/wp-content\/uploads\/2022\/09\/20-1.jpeg","datePublished":"2022-09-13T23:39:02+00:00","dateModified":"2022-09-14T00:06:41+00:00","breadcrumb":{"@id":"https:\/\/noticiasmercedinas.com\/site\/2022\/09\/13\/obras-de-magnitud-en-edificios-de-la-escuela-primaria-7-y-la-secundaria-13\/#breadcrumb"},"inLanguage":"es","potentialAction":[{"@type":"ReadAction","target":["https:\/\/noticiasmercedinas.com\/site\/2022\/09\/13\/obras-de-magnitud-en-edificios-de-la-escuela-primaria-7-y-la-secundaria-13\/"]}]},{"@type":"ImageObject","inLanguage":"es","@id":"https:\/\/noticiasmercedinas.com\/site\/2022\/09\/13\/obras-de-magnitud-en-edificios-de-la-escuela-primaria-7-y-la-secundaria-13\/#primaryimage","url":"https:\/\/noticiasmercedinas.com\/site\/wp-content\/uploads\/2022\/09\/20-1.jpeg","contentUrl":"https:\/\/noticiasmercedinas.com\/site\/wp-content\/uploads\/2022\/09\/20-1.jpeg","width":1600,"height":720},{"@type":"BreadcrumbList","@id":"https:\/\/noticiasmercedinas.com\/site\/2022\/09\/13\/obras-de-magnitud-en-edificios-de-la-escuela-primaria-7-y-la-secundaria-13\/#breadcrumb","itemListElement":[{"@type":"ListItem","position":1,"name":"Portada","item":"https:\/\/noticiasmercedinas.com\/site\/"},{"@type":"ListItem","position":2,"name":"Obras de magnitud en edificios de la Escuela Primaria 7 y la Secundaria 15"}]},{"@type":"WebSite","@id":"https:\/\/noticiasmercedinas.com\/site\/#website","url":"https:\/\/noticiasmercedinas.com\/site\/","name":"NOTICIASMERCEDINAS.COM","description":"Mercedes, Buenos Aires, Argentina","publisher":{"@id":"https:\/\/noticiasmercedinas.com\/site\/#organization"},"potentialAction":[{"@type":"SearchAction","target":{"@type":"EntryPoint","urlTemplate":"https:\/\/noticiasmercedinas.com\/site\/?s={search_term_string}"},"query-input":{"@type":"PropertyValueSpecification","valueRequired":true,"valueName":"search_term_string"}}],"inLanguage":"es"},{"@type":"Organization","@id":"https:\/\/noticiasmercedinas.com\/site\/#organization","name":"NOTICIASMERCEDINAS.COM","url":"https:\/\/noticiasmercedinas.com\/site\/","logo":{"@type":"ImageObject","inLanguage":"es","@id":"https:\/\/noticiasmercedinas.com\/site\/#\/schema\/logo\/image\/","url":"https:\/\/noticiasmercedinas.com\/site\/wp-content\/uploads\/2020\/06\/LOGO-512.jpg","contentUrl":"https:\/\/noticiasmercedinas.com\/site\/wp-content\/uploads\/2020\/06\/LOGO-512.jpg","width":512,"height":512,"caption":"NOTICIASMERCEDINAS.COM"},"image":{"@id":"https:\/\/noticiasmercedinas.com\/site\/#\/schema\/logo\/image\/"},"sameAs":["https:\/\/www.facebook.com\/noticiasmercedinas\/","https:\/\/x.com\/notmercedinas","https:\/\/www.instagram.com\/noticiasmercedinas\/"]},{"@type":"Person","@id":"https:\/\/noticiasmercedinas.com\/site\/#\/schema\/person\/84b59c099c28ff2e8b77d4ceec5d8063","name":"NOTICIASMERCEDINAS.COM","image":{"@type":"ImageObject","inLanguage":"es","@id":"https:\/\/secure.gravatar.com\/avatar\/4dfbf16b4d17945bfb6341b2d19043457132fcf478a5ee04f42e959fd8f5df0a?s=96&d=mm&r=g","url":"https:\/\/secure.gravatar.com\/avatar\/4dfbf16b4d17945bfb6341b2d19043457132fcf478a5ee04f42e959fd8f5df0a?s=96&d=mm&r=g","contentUrl":"https:\/\/secure.gravatar.com\/avatar\/4dfbf16b4d17945bfb6341b2d19043457132fcf478a5ee04f42e959fd8f5df0a?s=96&d=mm&r=g","caption":"NOTICIASMERCEDINAS.COM"},"url":"https:\/\/noticiasmercedinas.com\/site\/author\/anonimo\/"}]}},"amp_enabled":true,"_links":{"self":[{"href":"https:\/\/noticiasmercedinas.com\/site\/wp-json\/wp\/v2\/posts\/99488","targetHints":{"allow":["GET"]}}],"collection":[{"href":"https:\/\/noticiasmercedinas.com\/site\/wp-json\/wp\/v2\/posts"}],"about":[{"href":"https:\/\/noticiasmercedinas.com\/site\/wp-json\/wp\/v2\/types\/post"}],"author":[{"embeddable":true,"href":"https:\/\/noticiasmercedinas.com\/site\/wp-json\/wp\/v2\/users\/16"}],"replies":[{"embeddable":true,"href":"https:\/\/noticiasmercedinas.com\/site\/wp-json\/wp\/v2\/comments?post=99488"}],"version-history":[{"count":2,"href":"https:\/\/noticiasmercedinas.com\/site\/wp-json\/wp\/v2\/posts\/99488\/revisions"}],"predecessor-version":[{"id":99492,"href":"https:\/\/noticiasmercedinas.com\/site\/wp-json\/wp\/v2\/posts\/99488\/revisions\/99492"}],"wp:featuredmedia":[{"embeddable":true,"href":"https:\/\/noticiasmercedinas.com\/site\/wp-json\/wp\/v2\/media\/99489"}],"wp:attachment":[{"href":"https:\/\/noticiasmercedinas.com\/site\/wp-json\/wp\/v2\/media?parent=99488"}],"wp:term":[{"taxonomy":"category","embeddable":true,"href":"https:\/\/noticiasmercedinas.com\/site\/wp-json\/wp\/v2\/categories?post=99488"},{"taxonomy":"post_tag","embeddable":true,"href":"https:\/\/noticiasmercedinas.com\/site\/wp-json\/wp\/v2\/tags?post=99488"}],"curies":[{"name":"wp","href":"https:\/\/api.w.org\/{rel}","templated":true}]}}