{"id":99508,"date":"2022-09-14T09:03:32","date_gmt":"2022-09-14T12:03:32","guid":{"rendered":"https:\/\/noticiasmercedinas.com\/site\/?p=99508"},"modified":"2022-09-14T09:03:32","modified_gmt":"2022-09-14T12:03:32","slug":"obras-en-autopista-5-satisfactoria-reunion-de-ediles-de-juntos-en-vialidad-nacional","status":"publish","type":"post","link":"https:\/\/noticiasmercedinas.com\/site\/2022\/09\/14\/obras-en-autopista-5-satisfactoria-reunion-de-ediles-de-juntos-en-vialidad-nacional\/","title":{"rendered":"Obras en Autopista 5: \u00absatisfactoria\u00bb reuni\u00f3n de ediles de Juntos en Vialidad Nacional"},"content":{"rendered":"<p><img loading=\"lazy\" decoding=\"async\" class=\"alignnone size-full wp-image-99509\" src=\"https:\/\/noticiasmercedinas.com\/site\/wp-content\/uploads\/2022\/09\/edilesjuntos.jpg\" alt=\"\" width=\"640\" height=\"488\" srcset=\"https:\/\/noticiasmercedinas.com\/site\/wp-content\/uploads\/2022\/09\/edilesjuntos.jpg 640w, https:\/\/noticiasmercedinas.com\/site\/wp-content\/uploads\/2022\/09\/edilesjuntos-300x229.jpg 300w, https:\/\/noticiasmercedinas.com\/site\/wp-content\/uploads\/2022\/09\/edilesjuntos-80x60.jpg 80w, https:\/\/noticiasmercedinas.com\/site\/wp-content\/uploads\/2022\/09\/edilesjuntos-100x75.jpg 100w\" sizes=\"auto, (max-width: 640px) 100vw, 640px\" \/><\/p>\n<p>En torno a las inminentes obras de conclusi\u00f3n de la autopista 5 entre las ciudades de Mercedes y Suipacha, dos concejales de Juntos se acercaron hasta las oficinas de Vialidad Nacional para conocer detalles de lo que ser\u00e1n los trabajos, en relaci\u00f3n a planteos vecinales de frentistas.<\/p>\n<p>Es as\u00ed que el viernes pasado <strong>Martin Bossi<\/strong> y <strong>Carlos Mosso<\/strong> viajaron por una reuni\u00f3n con ingenieros de Vialidad Nacional, para hablar exclusivamente de la parte t\u00e9cnica de las obras a comenzar entre Mercedes y Suipacha.<\/p>\n<blockquote><p>\u201cSolo falta lo m\u00e1s importante y lo m\u00e1s complicado: que comiencen las obras y no se detengan hasta terminar\u201d, dijo Mosso<\/p><\/blockquote>\n<p>\u201cMuchos temas planteamos y fueron respondidos al igual que tomaron una sugerencia no contemplada y muy necesaria para los frentistas entre el Arroyo Las Pulgas y la localidad de Garc\u00eda\u201d, coment\u00f3 al respecto el concejal Mosso y destac\u00f3 su \u201csatisfacci\u00f3n\u201d por poder volver a Mercedes \u201ccon muchas respuestas para ser transmitidas a los vecinos\u201d.<\/p>\n<p>\u201cSolo falta lo m\u00e1s importante y lo m\u00e1s complicado: que comiencen las obras y no se detengan hasta terminar\u201d, dijo.<\/p>\n<p>Por su parte, el concejal Bossi indic\u00f3: \u201cNos reunimos con la gente de Vialidad para ponernos al tanto de c\u00f3mo va el tema de la autopista que arranca en Mercedes y va hasta Suipacha, sobre todo a partir de las inquietudes de los frentistas que tienen campos en Mercedes, desde el Acceso Sur en adelante rumbo a Suipacha, por las colectoras y las bajadas que tiene la obra, y c\u00f3mo van a quedar las entradas de los establecimientos productivos con estos cambios\u201d.<\/p>\n<p>\u201cLa verdad que nos dieron informaci\u00f3n y pudimos darles respuestas\u00a0 a los frentistas de c\u00f3mo va a quedar la cosa. Luego evacuamos otras dudas con respecto al comienzo de obras, tr\u00e1mites y c\u00f3mo ser\u00eda el paso en Mercedes. Fue una reuni\u00f3n muy satisfactoria\u201d, coincidi\u00f3 Bossi.<\/p>\n","protected":false},"excerpt":{"rendered":"<p>\u25a0 Mart\u00edn Bossi y Carlos Mosso pudieron dialogar con ingenieros y evacuar dudas de frentistas de campos. Las obras a comenzar entre Mercedes y Suipacha generan expectativas<\/p>\n","protected":false},"author":2,"featured_media":99509,"comment_status":"open","ping_status":"open","sticky":false,"template":"","format":"standard","meta":{"footnotes":""},"categories":[16],"tags":[1314,668,12447,5428,23,36,665,1095,667],"class_list":["post-99508","post","type-post","status-publish","format-standard","has-post-thumbnail","hentry","category-politica","tag-autopista-5","tag-carlos-mosso","tag-juntos","tag-martin-bossi","tag-mercedes","tag-obras","tag-ruta-5","tag-suipacha","tag-vialidad-nacional"],"yoast_head":"<!-- This site is optimized with the Yoast SEO plugin v27.4 - https:\/\/yoast.com\/product\/yoast-seo-wordpress\/ -->\n<title>Obras en Autopista 5: &quot;satisfactoria&quot; reuni\u00f3n de ediles de Juntos en Vialidad Nacional<\/title>\n<meta name=\"robots\" content=\"index, follow, max-snippet:-1, max-image-preview:large, max-video-preview:-1\" \/>\n<link rel=\"canonical\" href=\"https:\/\/noticiasmercedinas.com\/site\/2022\/09\/14\/obras-en-autopista-5-satisfactoria-reunion-de-ediles-de-juntos-en-vialidad-nacional\/\" \/>\n<meta property=\"og:locale\" content=\"es_ES\" \/>\n<meta property=\"og:type\" content=\"article\" \/>\n<meta property=\"og:title\" content=\"Obras en Autopista 5: &quot;satisfactoria&quot; reuni\u00f3n de ediles de Juntos en Vialidad Nacional\" \/>\n<meta property=\"og:description\" content=\"\u25a0 Mart\u00edn Bossi y Carlos Mosso pudieron dialogar con ingenieros y evacuar dudas de frentistas de campos. Las obras a comenzar entre Mercedes y Suipacha generan expectativas\" \/>\n<meta property=\"og:url\" content=\"https:\/\/noticiasmercedinas.com\/site\/2022\/09\/14\/obras-en-autopista-5-satisfactoria-reunion-de-ediles-de-juntos-en-vialidad-nacional\/\" \/>\n<meta property=\"og:site_name\" content=\"NOTICIASMERCEDINAS.COM\" \/>\n<meta property=\"article:publisher\" content=\"https:\/\/www.facebook.com\/noticiasmercedinas\/\" \/>\n<meta property=\"article:author\" content=\"https:\/\/www.facebook.com\/cristian.falabella\" \/>\n<meta property=\"article:published_time\" content=\"2022-09-14T12:03:32+00:00\" \/>\n<meta property=\"og:image\" content=\"https:\/\/noticiasmercedinas.com\/site\/wp-content\/uploads\/2022\/09\/edilesjuntos.jpg\" \/>\n\t<meta property=\"og:image:width\" content=\"640\" \/>\n\t<meta property=\"og:image:height\" content=\"488\" \/>\n\t<meta property=\"og:image:type\" content=\"image\/jpeg\" \/>\n<meta name=\"author\" content=\"Cristian Falabella NOTICIASMERCEDINAS.COM\" \/>\n<meta name=\"twitter:card\" content=\"summary_large_image\" \/>\n<meta name=\"twitter:creator\" content=\"@https:\/\/twitter.com\/NOTMERCEDINAS\" \/>\n<meta name=\"twitter:site\" content=\"@notmercedinas\" \/>\n<meta name=\"twitter:label1\" content=\"Escrito por\" \/>\n\t<meta name=\"twitter:data1\" content=\"Cristian Falabella NOTICIASMERCEDINAS.COM\" \/>\n\t<meta name=\"twitter:label2\" content=\"Tiempo de lectura\" \/>\n\t<meta name=\"twitter:data2\" content=\"2 minutos\" \/>\n<script type=\"application\/ld+json\" class=\"yoast-schema-graph\">{\"@context\":\"https:\\\/\\\/schema.org\",\"@graph\":[{\"@type\":\"Article\",\"@id\":\"https:\\\/\\\/noticiasmercedinas.com\\\/site\\\/2022\\\/09\\\/14\\\/obras-en-autopista-5-satisfactoria-reunion-de-ediles-de-juntos-en-vialidad-nacional\\\/#article\",\"isPartOf\":{\"@id\":\"https:\\\/\\\/noticiasmercedinas.com\\\/site\\\/2022\\\/09\\\/14\\\/obras-en-autopista-5-satisfactoria-reunion-de-ediles-de-juntos-en-vialidad-nacional\\\/\"},\"author\":{\"name\":\"Cristian Falabella NOTICIASMERCEDINAS.COM\",\"@id\":\"https:\\\/\\\/noticiasmercedinas.com\\\/site\\\/#\\\/schema\\\/person\\\/d481a9696a5feaec13a60e2bbd991a6a\"},\"headline\":\"Obras en Autopista 5: \u00absatisfactoria\u00bb reuni\u00f3n de ediles de Juntos en Vialidad Nacional\",\"datePublished\":\"2022-09-14T12:03:32+00:00\",\"mainEntityOfPage\":{\"@id\":\"https:\\\/\\\/noticiasmercedinas.com\\\/site\\\/2022\\\/09\\\/14\\\/obras-en-autopista-5-satisfactoria-reunion-de-ediles-de-juntos-en-vialidad-nacional\\\/\"},\"wordCount\":336,\"commentCount\":0,\"publisher\":{\"@id\":\"https:\\\/\\\/noticiasmercedinas.com\\\/site\\\/#organization\"},\"image\":{\"@id\":\"https:\\\/\\\/noticiasmercedinas.com\\\/site\\\/2022\\\/09\\\/14\\\/obras-en-autopista-5-satisfactoria-reunion-de-ediles-de-juntos-en-vialidad-nacional\\\/#primaryimage\"},\"thumbnailUrl\":\"https:\\\/\\\/noticiasmercedinas.com\\\/site\\\/wp-content\\\/uploads\\\/2022\\\/09\\\/edilesjuntos.jpg\",\"keywords\":[\"autopista 5\",\"carlos mosso\",\"Juntos\",\"Mart\u00edn Bossi\",\"mercedes\",\"obras\",\"ruta 5\",\"suipacha\",\"vialidad nacional\"],\"articleSection\":[\"Politica\"],\"inLanguage\":\"es\",\"potentialAction\":[{\"@type\":\"CommentAction\",\"name\":\"Comment\",\"target\":[\"https:\\\/\\\/noticiasmercedinas.com\\\/site\\\/2022\\\/09\\\/14\\\/obras-en-autopista-5-satisfactoria-reunion-de-ediles-de-juntos-en-vialidad-nacional\\\/#respond\"]}]},{\"@type\":\"WebPage\",\"@id\":\"https:\\\/\\\/noticiasmercedinas.com\\\/site\\\/2022\\\/09\\\/14\\\/obras-en-autopista-5-satisfactoria-reunion-de-ediles-de-juntos-en-vialidad-nacional\\\/\",\"url\":\"https:\\\/\\\/noticiasmercedinas.com\\\/site\\\/2022\\\/09\\\/14\\\/obras-en-autopista-5-satisfactoria-reunion-de-ediles-de-juntos-en-vialidad-nacional\\\/\",\"name\":\"Obras en Autopista 5: \\\"satisfactoria\\\" reuni\u00f3n de ediles de Juntos en Vialidad Nacional\",\"isPartOf\":{\"@id\":\"https:\\\/\\\/noticiasmercedinas.com\\\/site\\\/#website\"},\"primaryImageOfPage\":{\"@id\":\"https:\\\/\\\/noticiasmercedinas.com\\\/site\\\/2022\\\/09\\\/14\\\/obras-en-autopista-5-satisfactoria-reunion-de-ediles-de-juntos-en-vialidad-nacional\\\/#primaryimage\"},\"image\":{\"@id\":\"https:\\\/\\\/noticiasmercedinas.com\\\/site\\\/2022\\\/09\\\/14\\\/obras-en-autopista-5-satisfactoria-reunion-de-ediles-de-juntos-en-vialidad-nacional\\\/#primaryimage\"},\"thumbnailUrl\":\"https:\\\/\\\/noticiasmercedinas.com\\\/site\\\/wp-content\\\/uploads\\\/2022\\\/09\\\/edilesjuntos.jpg\",\"datePublished\":\"2022-09-14T12:03:32+00:00\",\"breadcrumb\":{\"@id\":\"https:\\\/\\\/noticiasmercedinas.com\\\/site\\\/2022\\\/09\\\/14\\\/obras-en-autopista-5-satisfactoria-reunion-de-ediles-de-juntos-en-vialidad-nacional\\\/#breadcrumb\"},\"inLanguage\":\"es\",\"potentialAction\":[{\"@type\":\"ReadAction\",\"target\":[\"https:\\\/\\\/noticiasmercedinas.com\\\/site\\\/2022\\\/09\\\/14\\\/obras-en-autopista-5-satisfactoria-reunion-de-ediles-de-juntos-en-vialidad-nacional\\\/\"]}]},{\"@type\":\"ImageObject\",\"inLanguage\":\"es\",\"@id\":\"https:\\\/\\\/noticiasmercedinas.com\\\/site\\\/2022\\\/09\\\/14\\\/obras-en-autopista-5-satisfactoria-reunion-de-ediles-de-juntos-en-vialidad-nacional\\\/#primaryimage\",\"url\":\"https:\\\/\\\/noticiasmercedinas.com\\\/site\\\/wp-content\\\/uploads\\\/2022\\\/09\\\/edilesjuntos.jpg\",\"contentUrl\":\"https:\\\/\\\/noticiasmercedinas.com\\\/site\\\/wp-content\\\/uploads\\\/2022\\\/09\\\/edilesjuntos.jpg\",\"width\":640,\"height\":488},{\"@type\":\"BreadcrumbList\",\"@id\":\"https:\\\/\\\/noticiasmercedinas.com\\\/site\\\/2022\\\/09\\\/14\\\/obras-en-autopista-5-satisfactoria-reunion-de-ediles-de-juntos-en-vialidad-nacional\\\/#breadcrumb\",\"itemListElement\":[{\"@type\":\"ListItem\",\"position\":1,\"name\":\"Portada\",\"item\":\"https:\\\/\\\/noticiasmercedinas.com\\\/site\\\/\"},{\"@type\":\"ListItem\",\"position\":2,\"name\":\"Obras en Autopista 5: \u00absatisfactoria\u00bb reuni\u00f3n de ediles de Juntos en Vialidad Nacional\"}]},{\"@type\":\"WebSite\",\"@id\":\"https:\\\/\\\/noticiasmercedinas.com\\\/site\\\/#website\",\"url\":\"https:\\\/\\\/noticiasmercedinas.com\\\/site\\\/\",\"name\":\"NOTICIASMERCEDINAS.COM\",\"description\":\"Mercedes, Buenos Aires, Argentina\",\"publisher\":{\"@id\":\"https:\\\/\\\/noticiasmercedinas.com\\\/site\\\/#organization\"},\"potentialAction\":[{\"@type\":\"SearchAction\",\"target\":{\"@type\":\"EntryPoint\",\"urlTemplate\":\"https:\\\/\\\/noticiasmercedinas.com\\\/site\\\/?s={search_term_string}\"},\"query-input\":{\"@type\":\"PropertyValueSpecification\",\"valueRequired\":true,\"valueName\":\"search_term_string\"}}],\"inLanguage\":\"es\"},{\"@type\":\"Organization\",\"@id\":\"https:\\\/\\\/noticiasmercedinas.com\\\/site\\\/#organization\",\"name\":\"NOTICIASMERCEDINAS.COM\",\"url\":\"https:\\\/\\\/noticiasmercedinas.com\\\/site\\\/\",\"logo\":{\"@type\":\"ImageObject\",\"inLanguage\":\"es\",\"@id\":\"https:\\\/\\\/noticiasmercedinas.com\\\/site\\\/#\\\/schema\\\/logo\\\/image\\\/\",\"url\":\"https:\\\/\\\/noticiasmercedinas.com\\\/site\\\/wp-content\\\/uploads\\\/2020\\\/06\\\/LOGO-512.jpg\",\"contentUrl\":\"https:\\\/\\\/noticiasmercedinas.com\\\/site\\\/wp-content\\\/uploads\\\/2020\\\/06\\\/LOGO-512.jpg\",\"width\":512,\"height\":512,\"caption\":\"NOTICIASMERCEDINAS.COM\"},\"image\":{\"@id\":\"https:\\\/\\\/noticiasmercedinas.com\\\/site\\\/#\\\/schema\\\/logo\\\/image\\\/\"},\"sameAs\":[\"https:\\\/\\\/www.facebook.com\\\/noticiasmercedinas\\\/\",\"https:\\\/\\\/x.com\\\/notmercedinas\",\"https:\\\/\\\/www.instagram.com\\\/noticiasmercedinas\\\/\"]},{\"@type\":\"Person\",\"@id\":\"https:\\\/\\\/noticiasmercedinas.com\\\/site\\\/#\\\/schema\\\/person\\\/d481a9696a5feaec13a60e2bbd991a6a\",\"name\":\"Cristian Falabella NOTICIASMERCEDINAS.COM\",\"image\":{\"@type\":\"ImageObject\",\"inLanguage\":\"es\",\"@id\":\"https:\\\/\\\/secure.gravatar.com\\\/avatar\\\/0dbbfc45970cc46bcd0e57766228574ff3511d6eed045b182f536f0f478c1f06?s=96&d=mm&r=g\",\"url\":\"https:\\\/\\\/secure.gravatar.com\\\/avatar\\\/0dbbfc45970cc46bcd0e57766228574ff3511d6eed045b182f536f0f478c1f06?s=96&d=mm&r=g\",\"contentUrl\":\"https:\\\/\\\/secure.gravatar.com\\\/avatar\\\/0dbbfc45970cc46bcd0e57766228574ff3511d6eed045b182f536f0f478c1f06?s=96&d=mm&r=g\",\"caption\":\"Cristian Falabella NOTICIASMERCEDINAS.COM\"},\"description\":\"Periodista, editor de Noticias Mercedinas. Pas\u00f3 por varias redacciones y emprendimientos de prensa, en distintos formatos y \u00e9pocas. Se especializ\u00f3 --y sigue haci\u00e9ndolo-- en comunicaci\u00f3n en la web y en junio de 2006 fund\u00f3 este diario digital.\",\"sameAs\":[\"https:\\\/\\\/noticiasmercedinas.com\",\"https:\\\/\\\/www.facebook.com\\\/cristian.falabella\",\"https:\\\/\\\/www.instagram.com\\\/noticiasmercedinas\\\/\",\"https:\\\/\\\/x.com\\\/https:\\\/\\\/twitter.com\\\/NOTMERCEDINAS\"],\"url\":\"https:\\\/\\\/noticiasmercedinas.com\\\/site\\\/author\\\/as000384\\\/\"}]}<\/script>\n<!-- \/ Yoast SEO plugin. -->","yoast_head_json":{"title":"Obras en Autopista 5: \"satisfactoria\" reuni\u00f3n de ediles de Juntos en Vialidad Nacional","robots":{"index":"index","follow":"follow","max-snippet":"max-snippet:-1","max-image-preview":"max-image-preview:large","max-video-preview":"max-video-preview:-1"},"canonical":"https:\/\/noticiasmercedinas.com\/site\/2022\/09\/14\/obras-en-autopista-5-satisfactoria-reunion-de-ediles-de-juntos-en-vialidad-nacional\/","og_locale":"es_ES","og_type":"article","og_title":"Obras en Autopista 5: \"satisfactoria\" reuni\u00f3n de ediles de Juntos en Vialidad Nacional","og_description":"\u25a0 Mart\u00edn Bossi y Carlos Mosso pudieron dialogar con ingenieros y evacuar dudas de frentistas de campos. Las obras a comenzar entre Mercedes y Suipacha generan expectativas","og_url":"https:\/\/noticiasmercedinas.com\/site\/2022\/09\/14\/obras-en-autopista-5-satisfactoria-reunion-de-ediles-de-juntos-en-vialidad-nacional\/","og_site_name":"NOTICIASMERCEDINAS.COM","article_publisher":"https:\/\/www.facebook.com\/noticiasmercedinas\/","article_author":"https:\/\/www.facebook.com\/cristian.falabella","article_published_time":"2022-09-14T12:03:32+00:00","og_image":[{"width":640,"height":488,"url":"https:\/\/noticiasmercedinas.com\/site\/wp-content\/uploads\/2022\/09\/edilesjuntos.jpg","type":"image\/jpeg"}],"author":"Cristian Falabella NOTICIASMERCEDINAS.COM","twitter_card":"summary_large_image","twitter_creator":"@https:\/\/twitter.com\/NOTMERCEDINAS","twitter_site":"@notmercedinas","twitter_misc":{"Escrito por":"Cristian Falabella NOTICIASMERCEDINAS.COM","Tiempo de lectura":"2 minutos"},"schema":{"@context":"https:\/\/schema.org","@graph":[{"@type":"Article","@id":"https:\/\/noticiasmercedinas.com\/site\/2022\/09\/14\/obras-en-autopista-5-satisfactoria-reunion-de-ediles-de-juntos-en-vialidad-nacional\/#article","isPartOf":{"@id":"https:\/\/noticiasmercedinas.com\/site\/2022\/09\/14\/obras-en-autopista-5-satisfactoria-reunion-de-ediles-de-juntos-en-vialidad-nacional\/"},"author":{"name":"Cristian Falabella NOTICIASMERCEDINAS.COM","@id":"https:\/\/noticiasmercedinas.com\/site\/#\/schema\/person\/d481a9696a5feaec13a60e2bbd991a6a"},"headline":"Obras en Autopista 5: \u00absatisfactoria\u00bb reuni\u00f3n de ediles de Juntos en Vialidad Nacional","datePublished":"2022-09-14T12:03:32+00:00","mainEntityOfPage":{"@id":"https:\/\/noticiasmercedinas.com\/site\/2022\/09\/14\/obras-en-autopista-5-satisfactoria-reunion-de-ediles-de-juntos-en-vialidad-nacional\/"},"wordCount":336,"commentCount":0,"publisher":{"@id":"https:\/\/noticiasmercedinas.com\/site\/#organization"},"image":{"@id":"https:\/\/noticiasmercedinas.com\/site\/2022\/09\/14\/obras-en-autopista-5-satisfactoria-reunion-de-ediles-de-juntos-en-vialidad-nacional\/#primaryimage"},"thumbnailUrl":"https:\/\/noticiasmercedinas.com\/site\/wp-content\/uploads\/2022\/09\/edilesjuntos.jpg","keywords":["autopista 5","carlos mosso","Juntos","Mart\u00edn Bossi","mercedes","obras","ruta 5","suipacha","vialidad nacional"],"articleSection":["Politica"],"inLanguage":"es","potentialAction":[{"@type":"CommentAction","name":"Comment","target":["https:\/\/noticiasmercedinas.com\/site\/2022\/09\/14\/obras-en-autopista-5-satisfactoria-reunion-de-ediles-de-juntos-en-vialidad-nacional\/#respond"]}]},{"@type":"WebPage","@id":"https:\/\/noticiasmercedinas.com\/site\/2022\/09\/14\/obras-en-autopista-5-satisfactoria-reunion-de-ediles-de-juntos-en-vialidad-nacional\/","url":"https:\/\/noticiasmercedinas.com\/site\/2022\/09\/14\/obras-en-autopista-5-satisfactoria-reunion-de-ediles-de-juntos-en-vialidad-nacional\/","name":"Obras en Autopista 5: \"satisfactoria\" reuni\u00f3n de ediles de Juntos en Vialidad Nacional","isPartOf":{"@id":"https:\/\/noticiasmercedinas.com\/site\/#website"},"primaryImageOfPage":{"@id":"https:\/\/noticiasmercedinas.com\/site\/2022\/09\/14\/obras-en-autopista-5-satisfactoria-reunion-de-ediles-de-juntos-en-vialidad-nacional\/#primaryimage"},"image":{"@id":"https:\/\/noticiasmercedinas.com\/site\/2022\/09\/14\/obras-en-autopista-5-satisfactoria-reunion-de-ediles-de-juntos-en-vialidad-nacional\/#primaryimage"},"thumbnailUrl":"https:\/\/noticiasmercedinas.com\/site\/wp-content\/uploads\/2022\/09\/edilesjuntos.jpg","datePublished":"2022-09-14T12:03:32+00:00","breadcrumb":{"@id":"https:\/\/noticiasmercedinas.com\/site\/2022\/09\/14\/obras-en-autopista-5-satisfactoria-reunion-de-ediles-de-juntos-en-vialidad-nacional\/#breadcrumb"},"inLanguage":"es","potentialAction":[{"@type":"ReadAction","target":["https:\/\/noticiasmercedinas.com\/site\/2022\/09\/14\/obras-en-autopista-5-satisfactoria-reunion-de-ediles-de-juntos-en-vialidad-nacional\/"]}]},{"@type":"ImageObject","inLanguage":"es","@id":"https:\/\/noticiasmercedinas.com\/site\/2022\/09\/14\/obras-en-autopista-5-satisfactoria-reunion-de-ediles-de-juntos-en-vialidad-nacional\/#primaryimage","url":"https:\/\/noticiasmercedinas.com\/site\/wp-content\/uploads\/2022\/09\/edilesjuntos.jpg","contentUrl":"https:\/\/noticiasmercedinas.com\/site\/wp-content\/uploads\/2022\/09\/edilesjuntos.jpg","width":640,"height":488},{"@type":"BreadcrumbList","@id":"https:\/\/noticiasmercedinas.com\/site\/2022\/09\/14\/obras-en-autopista-5-satisfactoria-reunion-de-ediles-de-juntos-en-vialidad-nacional\/#breadcrumb","itemListElement":[{"@type":"ListItem","position":1,"name":"Portada","item":"https:\/\/noticiasmercedinas.com\/site\/"},{"@type":"ListItem","position":2,"name":"Obras en Autopista 5: \u00absatisfactoria\u00bb reuni\u00f3n de ediles de Juntos en Vialidad Nacional"}]},{"@type":"WebSite","@id":"https:\/\/noticiasmercedinas.com\/site\/#website","url":"https:\/\/noticiasmercedinas.com\/site\/","name":"NOTICIASMERCEDINAS.COM","description":"Mercedes, Buenos Aires, Argentina","publisher":{"@id":"https:\/\/noticiasmercedinas.com\/site\/#organization"},"potentialAction":[{"@type":"SearchAction","target":{"@type":"EntryPoint","urlTemplate":"https:\/\/noticiasmercedinas.com\/site\/?s={search_term_string}"},"query-input":{"@type":"PropertyValueSpecification","valueRequired":true,"valueName":"search_term_string"}}],"inLanguage":"es"},{"@type":"Organization","@id":"https:\/\/noticiasmercedinas.com\/site\/#organization","name":"NOTICIASMERCEDINAS.COM","url":"https:\/\/noticiasmercedinas.com\/site\/","logo":{"@type":"ImageObject","inLanguage":"es","@id":"https:\/\/noticiasmercedinas.com\/site\/#\/schema\/logo\/image\/","url":"https:\/\/noticiasmercedinas.com\/site\/wp-content\/uploads\/2020\/06\/LOGO-512.jpg","contentUrl":"https:\/\/noticiasmercedinas.com\/site\/wp-content\/uploads\/2020\/06\/LOGO-512.jpg","width":512,"height":512,"caption":"NOTICIASMERCEDINAS.COM"},"image":{"@id":"https:\/\/noticiasmercedinas.com\/site\/#\/schema\/logo\/image\/"},"sameAs":["https:\/\/www.facebook.com\/noticiasmercedinas\/","https:\/\/x.com\/notmercedinas","https:\/\/www.instagram.com\/noticiasmercedinas\/"]},{"@type":"Person","@id":"https:\/\/noticiasmercedinas.com\/site\/#\/schema\/person\/d481a9696a5feaec13a60e2bbd991a6a","name":"Cristian Falabella NOTICIASMERCEDINAS.COM","image":{"@type":"ImageObject","inLanguage":"es","@id":"https:\/\/secure.gravatar.com\/avatar\/0dbbfc45970cc46bcd0e57766228574ff3511d6eed045b182f536f0f478c1f06?s=96&d=mm&r=g","url":"https:\/\/secure.gravatar.com\/avatar\/0dbbfc45970cc46bcd0e57766228574ff3511d6eed045b182f536f0f478c1f06?s=96&d=mm&r=g","contentUrl":"https:\/\/secure.gravatar.com\/avatar\/0dbbfc45970cc46bcd0e57766228574ff3511d6eed045b182f536f0f478c1f06?s=96&d=mm&r=g","caption":"Cristian Falabella NOTICIASMERCEDINAS.COM"},"description":"Periodista, editor de Noticias Mercedinas. Pas\u00f3 por varias redacciones y emprendimientos de prensa, en distintos formatos y \u00e9pocas. Se especializ\u00f3 --y sigue haci\u00e9ndolo-- en comunicaci\u00f3n en la web y en junio de 2006 fund\u00f3 este diario digital.","sameAs":["https:\/\/noticiasmercedinas.com","https:\/\/www.facebook.com\/cristian.falabella","https:\/\/www.instagram.com\/noticiasmercedinas\/","https:\/\/x.com\/https:\/\/twitter.com\/NOTMERCEDINAS"],"url":"https:\/\/noticiasmercedinas.com\/site\/author\/as000384\/"}]}},"amp_enabled":true,"_links":{"self":[{"href":"https:\/\/noticiasmercedinas.com\/site\/wp-json\/wp\/v2\/posts\/99508","targetHints":{"allow":["GET"]}}],"collection":[{"href":"https:\/\/noticiasmercedinas.com\/site\/wp-json\/wp\/v2\/posts"}],"about":[{"href":"https:\/\/noticiasmercedinas.com\/site\/wp-json\/wp\/v2\/types\/post"}],"author":[{"embeddable":true,"href":"https:\/\/noticiasmercedinas.com\/site\/wp-json\/wp\/v2\/users\/2"}],"replies":[{"embeddable":true,"href":"https:\/\/noticiasmercedinas.com\/site\/wp-json\/wp\/v2\/comments?post=99508"}],"version-history":[{"count":1,"href":"https:\/\/noticiasmercedinas.com\/site\/wp-json\/wp\/v2\/posts\/99508\/revisions"}],"predecessor-version":[{"id":99510,"href":"https:\/\/noticiasmercedinas.com\/site\/wp-json\/wp\/v2\/posts\/99508\/revisions\/99510"}],"wp:featuredmedia":[{"embeddable":true,"href":"https:\/\/noticiasmercedinas.com\/site\/wp-json\/wp\/v2\/media\/99509"}],"wp:attachment":[{"href":"https:\/\/noticiasmercedinas.com\/site\/wp-json\/wp\/v2\/media?parent=99508"}],"wp:term":[{"taxonomy":"category","embeddable":true,"href":"https:\/\/noticiasmercedinas.com\/site\/wp-json\/wp\/v2\/categories?post=99508"},{"taxonomy":"post_tag","embeddable":true,"href":"https:\/\/noticiasmercedinas.com\/site\/wp-json\/wp\/v2\/tags?post=99508"}],"curies":[{"name":"wp","href":"https:\/\/api.w.org\/{rel}","templated":true}]}}