{"id":99862,"date":"2022-09-18T19:26:19","date_gmt":"2022-09-18T22:26:19","guid":{"rendered":"https:\/\/noticiasmercedinas.com\/site\/?p=99862"},"modified":"2022-09-18T19:26:19","modified_gmt":"2022-09-18T22:26:19","slug":"se-fue-un-amigo-tras-la-muerte-de-hector-polino","status":"publish","type":"post","link":"https:\/\/noticiasmercedinas.com\/site\/2022\/09\/18\/se-fue-un-amigo-tras-la-muerte-de-hector-polino\/","title":{"rendered":"Se fue un amigo tras la muerte de H\u00e9ctor Polino"},"content":{"rendered":"<p><img loading=\"lazy\" decoding=\"async\" class=\"alignnone size-large wp-image-99863\" src=\"https:\/\/noticiasmercedinas.com\/site\/wp-content\/uploads\/2022\/09\/Hector-Polino-web-1024x683.jpg\" alt=\"\" width=\"640\" height=\"427\" srcset=\"https:\/\/noticiasmercedinas.com\/site\/wp-content\/uploads\/2022\/09\/Hector-Polino-web-1024x683.jpg 1024w, https:\/\/noticiasmercedinas.com\/site\/wp-content\/uploads\/2022\/09\/Hector-Polino-web-300x200.jpg 300w, https:\/\/noticiasmercedinas.com\/site\/wp-content\/uploads\/2022\/09\/Hector-Polino-web-768x512.jpg 768w, https:\/\/noticiasmercedinas.com\/site\/wp-content\/uploads\/2022\/09\/Hector-Polino-web-640x427.jpg 640w, https:\/\/noticiasmercedinas.com\/site\/wp-content\/uploads\/2022\/09\/Hector-Polino-web-681x454.jpg 681w, https:\/\/noticiasmercedinas.com\/site\/wp-content\/uploads\/2022\/09\/Hector-Polino-web.jpg 1200w\" sizes=\"auto, (max-width: 640px) 100vw, 640px\" \/><\/p>\n<p><strong><em>Por Ariel Dulevich Uzal.<\/em><\/strong> Expreso mi profundo pesar por el fallecimiento del dirigente socialista H\u00e9ctor Polino.<\/p>\n<p>Si bien nuestra empat\u00eda se remonta a m\u00e1s de seis d\u00e9cadas, nacida al amparo de comunes ideales inspirados en la defensa del laicismo y la democracia; se convirti\u00f3 en amistad profunda en el marco del gobierno del Presidente Alfons\u00edn; en tanto integrando ambos su gabinete, compartimos aquella hist\u00f3rica gesti\u00f3n.<\/p>\n<p>Nuestro v\u00ednculo se fortaleci\u00f3 incluso, m\u00e1s all\u00e1 de aquella instancia y en el llano; pues continuamos acompa\u00f1ando al ex presidente, en su incansable pr\u00e9dica por el ideario progresista af\u00edn, que lo llev\u00f3 a conformar un calificado n\u00facleo, de valiosas individualidades, que trascendi\u00f3 leg\u00edtimas pertenencias partidarias, y se convirti\u00f3 en una tribuna de la utop\u00eda social dem\u00f3crata, que lider\u00f3 el \u00abPadre de la Democracia\u00bb.<\/p>\n<blockquote><p>Fue H\u00e9ctor un dem\u00f3crata cabal, cuya destacada militancia en las filas del Socialismo lo llev\u00f3 a ser Diputado Nacional, convirtiendo su banca en un \u00e1mbito de leal compromiso con su impronta, pre\u00f1ada de sensibilidad social y republicana<\/p><\/blockquote>\n<p>Asumi\u00f3 Polino, en \u00e9se cauce ideol\u00f3gico, un activo protagonismo; solidario siempre con Alfons\u00edn, quien lo distingui\u00f3 con su afecto.<\/p>\n<p>Fue H\u00e9ctor un dem\u00f3crata cabal, cuya destacada militancia en las filas del Socialismo lo llev\u00f3 a ser Diputado Nacional, convirtiendo su banca en un \u00e1mbito de leal compromiso con su impronta, pre\u00f1ada de sensibilidad social y republicana.<\/p>\n<p>La firmeza de sus convicciones y la honestidad intelectual que signaron su vida, mereci\u00f3 el reconocimiento de amigos y adversarios, que lo recordar\u00e1n como un idealista y un hombre de bien.<\/p>\n<p>\u00a1Mientras la \u00e9tica pol\u00edtica, pierde a quien hizo virtuoso honor de sus valores esenciales; en lo personal mucho me duele la partida del gran amigo!<\/p>\n<hr \/>\n<p><em>(*) El doctor Ariel Dulevich Uzal es mercedino, ex Subsecretario de Turismo de la Naci\u00f3n<\/em><\/p>\n","protected":false},"excerpt":{"rendered":"<p>Por Ariel Dulevich Uzal. Expreso mi profundo pesar por el fallecimiento del dirigente socialista H\u00e9ctor Polino. Si bien nuestra empat\u00eda se remonta a m\u00e1s de seis d\u00e9cadas, nacida al amparo de comunes ideales inspirados en la defensa del laicismo y la democracia; se convirti\u00f3 en amistad profunda en el marco del gobierno del Presidente Alfons\u00edn; [&hellip;]<\/p>\n","protected":false},"author":16,"featured_media":99863,"comment_status":"open","ping_status":"open","sticky":false,"template":"","format":"standard","meta":{"footnotes":""},"categories":[8],"tags":[382,15286,15287,1002],"class_list":["post-99862","post","type-post","status-publish","format-standard","has-post-thumbnail","hentry","category-opinion","tag-ariel-dulevich-uzal","tag-hector-polino","tag-partido-socialista","tag-ucr"],"yoast_head":"<!-- This site is optimized with the Yoast SEO plugin v27.4 - https:\/\/yoast.com\/product\/yoast-seo-wordpress\/ -->\n<title>Se fue un amigo tras la muerte de H\u00e9ctor Polino<\/title>\n<meta name=\"robots\" content=\"index, follow, max-snippet:-1, max-image-preview:large, max-video-preview:-1\" \/>\n<link rel=\"canonical\" href=\"https:\/\/noticiasmercedinas.com\/site\/2022\/09\/18\/se-fue-un-amigo-tras-la-muerte-de-hector-polino\/\" \/>\n<meta property=\"og:locale\" content=\"es_ES\" \/>\n<meta property=\"og:type\" content=\"article\" \/>\n<meta property=\"og:title\" content=\"Se fue un amigo tras la muerte de H\u00e9ctor Polino\" \/>\n<meta property=\"og:description\" content=\"Por Ariel Dulevich Uzal. Expreso mi profundo pesar por el fallecimiento del dirigente socialista H\u00e9ctor Polino. Si bien nuestra empat\u00eda se remonta a m\u00e1s de seis d\u00e9cadas, nacida al amparo de comunes ideales inspirados en la defensa del laicismo y la democracia; se convirti\u00f3 en amistad profunda en el marco del gobierno del Presidente Alfons\u00edn; [&hellip;]\" \/>\n<meta property=\"og:url\" content=\"https:\/\/noticiasmercedinas.com\/site\/2022\/09\/18\/se-fue-un-amigo-tras-la-muerte-de-hector-polino\/\" \/>\n<meta property=\"og:site_name\" content=\"NOTICIASMERCEDINAS.COM\" \/>\n<meta property=\"article:publisher\" content=\"https:\/\/www.facebook.com\/noticiasmercedinas\/\" \/>\n<meta property=\"article:published_time\" content=\"2022-09-18T22:26:19+00:00\" \/>\n<meta property=\"og:image\" content=\"https:\/\/noticiasmercedinas.com\/site\/wp-content\/uploads\/2022\/09\/Hector-Polino-web.jpg\" \/>\n\t<meta property=\"og:image:width\" content=\"1200\" \/>\n\t<meta property=\"og:image:height\" content=\"800\" \/>\n\t<meta property=\"og:image:type\" content=\"image\/jpeg\" \/>\n<meta name=\"author\" content=\"NOTICIASMERCEDINAS.COM\" \/>\n<meta name=\"twitter:card\" content=\"summary_large_image\" \/>\n<meta name=\"twitter:creator\" content=\"@notmercedinas\" \/>\n<meta name=\"twitter:site\" content=\"@notmercedinas\" \/>\n<meta name=\"twitter:label1\" content=\"Escrito por\" \/>\n\t<meta name=\"twitter:data1\" content=\"NOTICIASMERCEDINAS.COM\" \/>\n\t<meta name=\"twitter:label2\" content=\"Tiempo de lectura\" \/>\n\t<meta name=\"twitter:data2\" content=\"2 minutos\" \/>\n<script type=\"application\/ld+json\" class=\"yoast-schema-graph\">{\"@context\":\"https:\\\/\\\/schema.org\",\"@graph\":[{\"@type\":\"Article\",\"@id\":\"https:\\\/\\\/noticiasmercedinas.com\\\/site\\\/2022\\\/09\\\/18\\\/se-fue-un-amigo-tras-la-muerte-de-hector-polino\\\/#article\",\"isPartOf\":{\"@id\":\"https:\\\/\\\/noticiasmercedinas.com\\\/site\\\/2022\\\/09\\\/18\\\/se-fue-un-amigo-tras-la-muerte-de-hector-polino\\\/\"},\"author\":{\"name\":\"NOTICIASMERCEDINAS.COM\",\"@id\":\"https:\\\/\\\/noticiasmercedinas.com\\\/site\\\/#\\\/schema\\\/person\\\/84b59c099c28ff2e8b77d4ceec5d8063\"},\"headline\":\"Se fue un amigo tras la muerte de H\u00e9ctor Polino\",\"datePublished\":\"2022-09-18T22:26:19+00:00\",\"mainEntityOfPage\":{\"@id\":\"https:\\\/\\\/noticiasmercedinas.com\\\/site\\\/2022\\\/09\\\/18\\\/se-fue-un-amigo-tras-la-muerte-de-hector-polino\\\/\"},\"wordCount\":329,\"commentCount\":0,\"publisher\":{\"@id\":\"https:\\\/\\\/noticiasmercedinas.com\\\/site\\\/#organization\"},\"image\":{\"@id\":\"https:\\\/\\\/noticiasmercedinas.com\\\/site\\\/2022\\\/09\\\/18\\\/se-fue-un-amigo-tras-la-muerte-de-hector-polino\\\/#primaryimage\"},\"thumbnailUrl\":\"https:\\\/\\\/noticiasmercedinas.com\\\/site\\\/wp-content\\\/uploads\\\/2022\\\/09\\\/Hector-Polino-web.jpg\",\"keywords\":[\"ariel dulevich uzal\",\"hector polino\",\"partido socialista\",\"Ucr\"],\"articleSection\":[\"Opinion\"],\"inLanguage\":\"es\",\"potentialAction\":[{\"@type\":\"CommentAction\",\"name\":\"Comment\",\"target\":[\"https:\\\/\\\/noticiasmercedinas.com\\\/site\\\/2022\\\/09\\\/18\\\/se-fue-un-amigo-tras-la-muerte-de-hector-polino\\\/#respond\"]}]},{\"@type\":\"WebPage\",\"@id\":\"https:\\\/\\\/noticiasmercedinas.com\\\/site\\\/2022\\\/09\\\/18\\\/se-fue-un-amigo-tras-la-muerte-de-hector-polino\\\/\",\"url\":\"https:\\\/\\\/noticiasmercedinas.com\\\/site\\\/2022\\\/09\\\/18\\\/se-fue-un-amigo-tras-la-muerte-de-hector-polino\\\/\",\"name\":\"Se fue un amigo tras la muerte de H\u00e9ctor Polino\",\"isPartOf\":{\"@id\":\"https:\\\/\\\/noticiasmercedinas.com\\\/site\\\/#website\"},\"primaryImageOfPage\":{\"@id\":\"https:\\\/\\\/noticiasmercedinas.com\\\/site\\\/2022\\\/09\\\/18\\\/se-fue-un-amigo-tras-la-muerte-de-hector-polino\\\/#primaryimage\"},\"image\":{\"@id\":\"https:\\\/\\\/noticiasmercedinas.com\\\/site\\\/2022\\\/09\\\/18\\\/se-fue-un-amigo-tras-la-muerte-de-hector-polino\\\/#primaryimage\"},\"thumbnailUrl\":\"https:\\\/\\\/noticiasmercedinas.com\\\/site\\\/wp-content\\\/uploads\\\/2022\\\/09\\\/Hector-Polino-web.jpg\",\"datePublished\":\"2022-09-18T22:26:19+00:00\",\"breadcrumb\":{\"@id\":\"https:\\\/\\\/noticiasmercedinas.com\\\/site\\\/2022\\\/09\\\/18\\\/se-fue-un-amigo-tras-la-muerte-de-hector-polino\\\/#breadcrumb\"},\"inLanguage\":\"es\",\"potentialAction\":[{\"@type\":\"ReadAction\",\"target\":[\"https:\\\/\\\/noticiasmercedinas.com\\\/site\\\/2022\\\/09\\\/18\\\/se-fue-un-amigo-tras-la-muerte-de-hector-polino\\\/\"]}]},{\"@type\":\"ImageObject\",\"inLanguage\":\"es\",\"@id\":\"https:\\\/\\\/noticiasmercedinas.com\\\/site\\\/2022\\\/09\\\/18\\\/se-fue-un-amigo-tras-la-muerte-de-hector-polino\\\/#primaryimage\",\"url\":\"https:\\\/\\\/noticiasmercedinas.com\\\/site\\\/wp-content\\\/uploads\\\/2022\\\/09\\\/Hector-Polino-web.jpg\",\"contentUrl\":\"https:\\\/\\\/noticiasmercedinas.com\\\/site\\\/wp-content\\\/uploads\\\/2022\\\/09\\\/Hector-Polino-web.jpg\",\"width\":1200,\"height\":800},{\"@type\":\"BreadcrumbList\",\"@id\":\"https:\\\/\\\/noticiasmercedinas.com\\\/site\\\/2022\\\/09\\\/18\\\/se-fue-un-amigo-tras-la-muerte-de-hector-polino\\\/#breadcrumb\",\"itemListElement\":[{\"@type\":\"ListItem\",\"position\":1,\"name\":\"Portada\",\"item\":\"https:\\\/\\\/noticiasmercedinas.com\\\/site\\\/\"},{\"@type\":\"ListItem\",\"position\":2,\"name\":\"Se fue un amigo tras la muerte de H\u00e9ctor Polino\"}]},{\"@type\":\"WebSite\",\"@id\":\"https:\\\/\\\/noticiasmercedinas.com\\\/site\\\/#website\",\"url\":\"https:\\\/\\\/noticiasmercedinas.com\\\/site\\\/\",\"name\":\"NOTICIASMERCEDINAS.COM\",\"description\":\"Mercedes, Buenos Aires, Argentina\",\"publisher\":{\"@id\":\"https:\\\/\\\/noticiasmercedinas.com\\\/site\\\/#organization\"},\"potentialAction\":[{\"@type\":\"SearchAction\",\"target\":{\"@type\":\"EntryPoint\",\"urlTemplate\":\"https:\\\/\\\/noticiasmercedinas.com\\\/site\\\/?s={search_term_string}\"},\"query-input\":{\"@type\":\"PropertyValueSpecification\",\"valueRequired\":true,\"valueName\":\"search_term_string\"}}],\"inLanguage\":\"es\"},{\"@type\":\"Organization\",\"@id\":\"https:\\\/\\\/noticiasmercedinas.com\\\/site\\\/#organization\",\"name\":\"NOTICIASMERCEDINAS.COM\",\"url\":\"https:\\\/\\\/noticiasmercedinas.com\\\/site\\\/\",\"logo\":{\"@type\":\"ImageObject\",\"inLanguage\":\"es\",\"@id\":\"https:\\\/\\\/noticiasmercedinas.com\\\/site\\\/#\\\/schema\\\/logo\\\/image\\\/\",\"url\":\"https:\\\/\\\/noticiasmercedinas.com\\\/site\\\/wp-content\\\/uploads\\\/2020\\\/06\\\/LOGO-512.jpg\",\"contentUrl\":\"https:\\\/\\\/noticiasmercedinas.com\\\/site\\\/wp-content\\\/uploads\\\/2020\\\/06\\\/LOGO-512.jpg\",\"width\":512,\"height\":512,\"caption\":\"NOTICIASMERCEDINAS.COM\"},\"image\":{\"@id\":\"https:\\\/\\\/noticiasmercedinas.com\\\/site\\\/#\\\/schema\\\/logo\\\/image\\\/\"},\"sameAs\":[\"https:\\\/\\\/www.facebook.com\\\/noticiasmercedinas\\\/\",\"https:\\\/\\\/x.com\\\/notmercedinas\",\"https:\\\/\\\/www.instagram.com\\\/noticiasmercedinas\\\/\"]},{\"@type\":\"Person\",\"@id\":\"https:\\\/\\\/noticiasmercedinas.com\\\/site\\\/#\\\/schema\\\/person\\\/84b59c099c28ff2e8b77d4ceec5d8063\",\"name\":\"NOTICIASMERCEDINAS.COM\",\"image\":{\"@type\":\"ImageObject\",\"inLanguage\":\"es\",\"@id\":\"https:\\\/\\\/secure.gravatar.com\\\/avatar\\\/4dfbf16b4d17945bfb6341b2d19043457132fcf478a5ee04f42e959fd8f5df0a?s=96&d=mm&r=g\",\"url\":\"https:\\\/\\\/secure.gravatar.com\\\/avatar\\\/4dfbf16b4d17945bfb6341b2d19043457132fcf478a5ee04f42e959fd8f5df0a?s=96&d=mm&r=g\",\"contentUrl\":\"https:\\\/\\\/secure.gravatar.com\\\/avatar\\\/4dfbf16b4d17945bfb6341b2d19043457132fcf478a5ee04f42e959fd8f5df0a?s=96&d=mm&r=g\",\"caption\":\"NOTICIASMERCEDINAS.COM\"},\"url\":\"https:\\\/\\\/noticiasmercedinas.com\\\/site\\\/author\\\/anonimo\\\/\"}]}<\/script>\n<!-- \/ Yoast SEO plugin. -->","yoast_head_json":{"title":"Se fue un amigo tras la muerte de H\u00e9ctor Polino","robots":{"index":"index","follow":"follow","max-snippet":"max-snippet:-1","max-image-preview":"max-image-preview:large","max-video-preview":"max-video-preview:-1"},"canonical":"https:\/\/noticiasmercedinas.com\/site\/2022\/09\/18\/se-fue-un-amigo-tras-la-muerte-de-hector-polino\/","og_locale":"es_ES","og_type":"article","og_title":"Se fue un amigo tras la muerte de H\u00e9ctor Polino","og_description":"Por Ariel Dulevich Uzal. Expreso mi profundo pesar por el fallecimiento del dirigente socialista H\u00e9ctor Polino. Si bien nuestra empat\u00eda se remonta a m\u00e1s de seis d\u00e9cadas, nacida al amparo de comunes ideales inspirados en la defensa del laicismo y la democracia; se convirti\u00f3 en amistad profunda en el marco del gobierno del Presidente Alfons\u00edn; [&hellip;]","og_url":"https:\/\/noticiasmercedinas.com\/site\/2022\/09\/18\/se-fue-un-amigo-tras-la-muerte-de-hector-polino\/","og_site_name":"NOTICIASMERCEDINAS.COM","article_publisher":"https:\/\/www.facebook.com\/noticiasmercedinas\/","article_published_time":"2022-09-18T22:26:19+00:00","og_image":[{"width":1200,"height":800,"url":"https:\/\/noticiasmercedinas.com\/site\/wp-content\/uploads\/2022\/09\/Hector-Polino-web.jpg","type":"image\/jpeg"}],"author":"NOTICIASMERCEDINAS.COM","twitter_card":"summary_large_image","twitter_creator":"@notmercedinas","twitter_site":"@notmercedinas","twitter_misc":{"Escrito por":"NOTICIASMERCEDINAS.COM","Tiempo de lectura":"2 minutos"},"schema":{"@context":"https:\/\/schema.org","@graph":[{"@type":"Article","@id":"https:\/\/noticiasmercedinas.com\/site\/2022\/09\/18\/se-fue-un-amigo-tras-la-muerte-de-hector-polino\/#article","isPartOf":{"@id":"https:\/\/noticiasmercedinas.com\/site\/2022\/09\/18\/se-fue-un-amigo-tras-la-muerte-de-hector-polino\/"},"author":{"name":"NOTICIASMERCEDINAS.COM","@id":"https:\/\/noticiasmercedinas.com\/site\/#\/schema\/person\/84b59c099c28ff2e8b77d4ceec5d8063"},"headline":"Se fue un amigo tras la muerte de H\u00e9ctor Polino","datePublished":"2022-09-18T22:26:19+00:00","mainEntityOfPage":{"@id":"https:\/\/noticiasmercedinas.com\/site\/2022\/09\/18\/se-fue-un-amigo-tras-la-muerte-de-hector-polino\/"},"wordCount":329,"commentCount":0,"publisher":{"@id":"https:\/\/noticiasmercedinas.com\/site\/#organization"},"image":{"@id":"https:\/\/noticiasmercedinas.com\/site\/2022\/09\/18\/se-fue-un-amigo-tras-la-muerte-de-hector-polino\/#primaryimage"},"thumbnailUrl":"https:\/\/noticiasmercedinas.com\/site\/wp-content\/uploads\/2022\/09\/Hector-Polino-web.jpg","keywords":["ariel dulevich uzal","hector polino","partido socialista","Ucr"],"articleSection":["Opinion"],"inLanguage":"es","potentialAction":[{"@type":"CommentAction","name":"Comment","target":["https:\/\/noticiasmercedinas.com\/site\/2022\/09\/18\/se-fue-un-amigo-tras-la-muerte-de-hector-polino\/#respond"]}]},{"@type":"WebPage","@id":"https:\/\/noticiasmercedinas.com\/site\/2022\/09\/18\/se-fue-un-amigo-tras-la-muerte-de-hector-polino\/","url":"https:\/\/noticiasmercedinas.com\/site\/2022\/09\/18\/se-fue-un-amigo-tras-la-muerte-de-hector-polino\/","name":"Se fue un amigo tras la muerte de H\u00e9ctor Polino","isPartOf":{"@id":"https:\/\/noticiasmercedinas.com\/site\/#website"},"primaryImageOfPage":{"@id":"https:\/\/noticiasmercedinas.com\/site\/2022\/09\/18\/se-fue-un-amigo-tras-la-muerte-de-hector-polino\/#primaryimage"},"image":{"@id":"https:\/\/noticiasmercedinas.com\/site\/2022\/09\/18\/se-fue-un-amigo-tras-la-muerte-de-hector-polino\/#primaryimage"},"thumbnailUrl":"https:\/\/noticiasmercedinas.com\/site\/wp-content\/uploads\/2022\/09\/Hector-Polino-web.jpg","datePublished":"2022-09-18T22:26:19+00:00","breadcrumb":{"@id":"https:\/\/noticiasmercedinas.com\/site\/2022\/09\/18\/se-fue-un-amigo-tras-la-muerte-de-hector-polino\/#breadcrumb"},"inLanguage":"es","potentialAction":[{"@type":"ReadAction","target":["https:\/\/noticiasmercedinas.com\/site\/2022\/09\/18\/se-fue-un-amigo-tras-la-muerte-de-hector-polino\/"]}]},{"@type":"ImageObject","inLanguage":"es","@id":"https:\/\/noticiasmercedinas.com\/site\/2022\/09\/18\/se-fue-un-amigo-tras-la-muerte-de-hector-polino\/#primaryimage","url":"https:\/\/noticiasmercedinas.com\/site\/wp-content\/uploads\/2022\/09\/Hector-Polino-web.jpg","contentUrl":"https:\/\/noticiasmercedinas.com\/site\/wp-content\/uploads\/2022\/09\/Hector-Polino-web.jpg","width":1200,"height":800},{"@type":"BreadcrumbList","@id":"https:\/\/noticiasmercedinas.com\/site\/2022\/09\/18\/se-fue-un-amigo-tras-la-muerte-de-hector-polino\/#breadcrumb","itemListElement":[{"@type":"ListItem","position":1,"name":"Portada","item":"https:\/\/noticiasmercedinas.com\/site\/"},{"@type":"ListItem","position":2,"name":"Se fue un amigo tras la muerte de H\u00e9ctor Polino"}]},{"@type":"WebSite","@id":"https:\/\/noticiasmercedinas.com\/site\/#website","url":"https:\/\/noticiasmercedinas.com\/site\/","name":"NOTICIASMERCEDINAS.COM","description":"Mercedes, Buenos Aires, Argentina","publisher":{"@id":"https:\/\/noticiasmercedinas.com\/site\/#organization"},"potentialAction":[{"@type":"SearchAction","target":{"@type":"EntryPoint","urlTemplate":"https:\/\/noticiasmercedinas.com\/site\/?s={search_term_string}"},"query-input":{"@type":"PropertyValueSpecification","valueRequired":true,"valueName":"search_term_string"}}],"inLanguage":"es"},{"@type":"Organization","@id":"https:\/\/noticiasmercedinas.com\/site\/#organization","name":"NOTICIASMERCEDINAS.COM","url":"https:\/\/noticiasmercedinas.com\/site\/","logo":{"@type":"ImageObject","inLanguage":"es","@id":"https:\/\/noticiasmercedinas.com\/site\/#\/schema\/logo\/image\/","url":"https:\/\/noticiasmercedinas.com\/site\/wp-content\/uploads\/2020\/06\/LOGO-512.jpg","contentUrl":"https:\/\/noticiasmercedinas.com\/site\/wp-content\/uploads\/2020\/06\/LOGO-512.jpg","width":512,"height":512,"caption":"NOTICIASMERCEDINAS.COM"},"image":{"@id":"https:\/\/noticiasmercedinas.com\/site\/#\/schema\/logo\/image\/"},"sameAs":["https:\/\/www.facebook.com\/noticiasmercedinas\/","https:\/\/x.com\/notmercedinas","https:\/\/www.instagram.com\/noticiasmercedinas\/"]},{"@type":"Person","@id":"https:\/\/noticiasmercedinas.com\/site\/#\/schema\/person\/84b59c099c28ff2e8b77d4ceec5d8063","name":"NOTICIASMERCEDINAS.COM","image":{"@type":"ImageObject","inLanguage":"es","@id":"https:\/\/secure.gravatar.com\/avatar\/4dfbf16b4d17945bfb6341b2d19043457132fcf478a5ee04f42e959fd8f5df0a?s=96&d=mm&r=g","url":"https:\/\/secure.gravatar.com\/avatar\/4dfbf16b4d17945bfb6341b2d19043457132fcf478a5ee04f42e959fd8f5df0a?s=96&d=mm&r=g","contentUrl":"https:\/\/secure.gravatar.com\/avatar\/4dfbf16b4d17945bfb6341b2d19043457132fcf478a5ee04f42e959fd8f5df0a?s=96&d=mm&r=g","caption":"NOTICIASMERCEDINAS.COM"},"url":"https:\/\/noticiasmercedinas.com\/site\/author\/anonimo\/"}]}},"amp_enabled":true,"_links":{"self":[{"href":"https:\/\/noticiasmercedinas.com\/site\/wp-json\/wp\/v2\/posts\/99862","targetHints":{"allow":["GET"]}}],"collection":[{"href":"https:\/\/noticiasmercedinas.com\/site\/wp-json\/wp\/v2\/posts"}],"about":[{"href":"https:\/\/noticiasmercedinas.com\/site\/wp-json\/wp\/v2\/types\/post"}],"author":[{"embeddable":true,"href":"https:\/\/noticiasmercedinas.com\/site\/wp-json\/wp\/v2\/users\/16"}],"replies":[{"embeddable":true,"href":"https:\/\/noticiasmercedinas.com\/site\/wp-json\/wp\/v2\/comments?post=99862"}],"version-history":[{"count":1,"href":"https:\/\/noticiasmercedinas.com\/site\/wp-json\/wp\/v2\/posts\/99862\/revisions"}],"predecessor-version":[{"id":99864,"href":"https:\/\/noticiasmercedinas.com\/site\/wp-json\/wp\/v2\/posts\/99862\/revisions\/99864"}],"wp:featuredmedia":[{"embeddable":true,"href":"https:\/\/noticiasmercedinas.com\/site\/wp-json\/wp\/v2\/media\/99863"}],"wp:attachment":[{"href":"https:\/\/noticiasmercedinas.com\/site\/wp-json\/wp\/v2\/media?parent=99862"}],"wp:term":[{"taxonomy":"category","embeddable":true,"href":"https:\/\/noticiasmercedinas.com\/site\/wp-json\/wp\/v2\/categories?post=99862"},{"taxonomy":"post_tag","embeddable":true,"href":"https:\/\/noticiasmercedinas.com\/site\/wp-json\/wp\/v2\/tags?post=99862"}],"curies":[{"name":"wp","href":"https:\/\/api.w.org\/{rel}","templated":true}]}}